{"id":1600,"date":"2020-01-21T15:16:48","date_gmt":"2020-01-21T15:16:48","guid":{"rendered":"http:\/\/www.camado.org.co\/web2\/?p=1600"},"modified":"2020-01-21T15:21:27","modified_gmt":"2020-01-21T15:21:27","slug":"formacion-empresarial","status":"publish","type":"post","link":"https:\/\/www.camado.org.co\/web2\/2020\/01\/21\/formacion-empresarial\/","title":{"rendered":"Formaci\u00f3n Empresarial"},"content":{"rendered":"\nngg_shortcode_0_placeholder\n\n\n\n<p><strong>Para mayor informaci\u00f3n<\/strong>: <\/p>\n\n\n\n<p>  Tel: 3228599 ext. 110 Correo:\u00a0<a rel=\"noreferrer noopener\" href=\"mailto:nstoro@camado.org.co\" target=\"_blank\">promocion@camado.org.co<\/a> <\/p>\n","protected":false},"excerpt":{"rendered":"<p>Para mayor informaci\u00f3n: Tel: 3228599 ext. 110 Correo:\u00a0promocion@camado.org.co<\/p>\n","protected":false},"author":1,"featured_media":0,"comment_status":"open","ping_status":"open","sticky":false,"template":"","format":"standard","meta":{"ngg_post_thumbnail":0,"footnotes":""},"categories":[10],"tags":[],"class_list":{"0":"post-1600","1":"post","2":"type-post","3":"status-publish","4":"format-standard","6":"category-nuestra-camara"},"yoast_head":"<!-- This site is optimized with the Yoast SEO plugin v27.5 - https:\/\/yoast.com\/product\/yoast-seo-wordpress\/ -->\n<title>Formaci\u00f3n Empresarial - C\u00e1mara de Comercio de Dosquebradas<\/title>\n<meta name=\"robots\" content=\"index, follow, max-snippet:-1, max-image-preview:large, max-video-preview:-1\" \/>\n<link rel=\"canonical\" href=\"https:\/\/www.camado.org.co\/web2\/2020\/01\/21\/formacion-empresarial\/\" \/>\n<meta property=\"og:locale\" content=\"es_ES\" \/>\n<meta property=\"og:type\" content=\"article\" \/>\n<meta property=\"og:title\" content=\"Formaci\u00f3n Empresarial - C\u00e1mara de Comercio de Dosquebradas\" \/>\n<meta property=\"og:description\" content=\"Para mayor informaci\u00f3n: Tel: 3228599 ext. 110 Correo:\u00a0promocion@camado.org.co\" \/>\n<meta property=\"og:url\" content=\"https:\/\/www.camado.org.co\/web2\/2020\/01\/21\/formacion-empresarial\/\" \/>\n<meta property=\"og:site_name\" content=\"C\u00e1mara de Comercio de Dosquebradas\" \/>\n<meta property=\"article:published_time\" content=\"2020-01-21T15:16:48+00:00\" \/>\n<meta property=\"article:modified_time\" content=\"2020-01-21T15:21:27+00:00\" \/>\n<meta name=\"author\" content=\"adminsis\" \/>\n<meta name=\"twitter:card\" content=\"summary_large_image\" \/>\n<meta name=\"twitter:label1\" content=\"Escrito por\" \/>\n\t<meta name=\"twitter:data1\" content=\"adminsis\" \/>\n<script type=\"application\/ld+json\" class=\"yoast-schema-graph\">{\"@context\":\"https:\\\/\\\/schema.org\",\"@graph\":[{\"@type\":\"Article\",\"@id\":\"https:\\\/\\\/www.camado.org.co\\\/web2\\\/2020\\\/01\\\/21\\\/formacion-empresarial\\\/#article\",\"isPartOf\":{\"@id\":\"https:\\\/\\\/www.camado.org.co\\\/web2\\\/2020\\\/01\\\/21\\\/formacion-empresarial\\\/\"},\"author\":{\"name\":\"adminsis\",\"@id\":\"https:\\\/\\\/www.camado.org.co\\\/web2\\\/#\\\/schema\\\/person\\\/8f7ec5e1b44571608031e15604293106\"},\"headline\":\"Formaci\u00f3n Empresarial\",\"datePublished\":\"2020-01-21T15:16:48+00:00\",\"dateModified\":\"2020-01-21T15:21:27+00:00\",\"mainEntityOfPage\":{\"@id\":\"https:\\\/\\\/www.camado.org.co\\\/web2\\\/2020\\\/01\\\/21\\\/formacion-empresarial\\\/\"},\"wordCount\":31,\"commentCount\":0,\"articleSection\":[\"Nuestra C\u00e1mara\"],\"inLanguage\":\"es\",\"potentialAction\":[{\"@type\":\"CommentAction\",\"name\":\"Comment\",\"target\":[\"https:\\\/\\\/www.camado.org.co\\\/web2\\\/2020\\\/01\\\/21\\\/formacion-empresarial\\\/#respond\"]}]},{\"@type\":\"WebPage\",\"@id\":\"https:\\\/\\\/www.camado.org.co\\\/web2\\\/2020\\\/01\\\/21\\\/formacion-empresarial\\\/\",\"url\":\"https:\\\/\\\/www.camado.org.co\\\/web2\\\/2020\\\/01\\\/21\\\/formacion-empresarial\\\/\",\"name\":\"Formaci\u00f3n Empresarial - C\u00e1mara de Comercio de Dosquebradas\",\"isPartOf\":{\"@id\":\"https:\\\/\\\/www.camado.org.co\\\/web2\\\/#website\"},\"datePublished\":\"2020-01-21T15:16:48+00:00\",\"dateModified\":\"2020-01-21T15:21:27+00:00\",\"author\":{\"@id\":\"https:\\\/\\\/www.camado.org.co\\\/web2\\\/#\\\/schema\\\/person\\\/8f7ec5e1b44571608031e15604293106\"},\"breadcrumb\":{\"@id\":\"https:\\\/\\\/www.camado.org.co\\\/web2\\\/2020\\\/01\\\/21\\\/formacion-empresarial\\\/#breadcrumb\"},\"inLanguage\":\"es\",\"potentialAction\":[{\"@type\":\"ReadAction\",\"target\":[\"https:\\\/\\\/www.camado.org.co\\\/web2\\\/2020\\\/01\\\/21\\\/formacion-empresarial\\\/\"]}]},{\"@type\":\"BreadcrumbList\",\"@id\":\"https:\\\/\\\/www.camado.org.co\\\/web2\\\/2020\\\/01\\\/21\\\/formacion-empresarial\\\/#breadcrumb\",\"itemListElement\":[{\"@type\":\"ListItem\",\"position\":1,\"name\":\"Portada\",\"item\":\"https:\\\/\\\/www.camado.org.co\\\/web2\\\/\"},{\"@type\":\"ListItem\",\"position\":2,\"name\":\"Formaci\u00f3n Empresarial\"}]},{\"@type\":\"WebSite\",\"@id\":\"https:\\\/\\\/www.camado.org.co\\\/web2\\\/#website\",\"url\":\"https:\\\/\\\/www.camado.org.co\\\/web2\\\/\",\"name\":\"C\u00e1mara de Comercio de Dosquebradas\",\"description\":\"Camado\",\"potentialAction\":[{\"@type\":\"SearchAction\",\"target\":{\"@type\":\"EntryPoint\",\"urlTemplate\":\"https:\\\/\\\/www.camado.org.co\\\/web2\\\/?s={search_term_string}\"},\"query-input\":{\"@type\":\"PropertyValueSpecification\",\"valueRequired\":true,\"valueName\":\"search_term_string\"}}],\"inLanguage\":\"es\"},{\"@type\":\"Person\",\"@id\":\"https:\\\/\\\/www.camado.org.co\\\/web2\\\/#\\\/schema\\\/person\\\/8f7ec5e1b44571608031e15604293106\",\"name\":\"adminsis\",\"image\":{\"@type\":\"ImageObject\",\"inLanguage\":\"es\",\"@id\":\"https:\\\/\\\/secure.gravatar.com\\\/avatar\\\/4873c412006fad3f5eb790d0a3719d2244ff43955ce8d70c20c8b41fb16be791?s=96&d=mm&r=g\",\"url\":\"https:\\\/\\\/secure.gravatar.com\\\/avatar\\\/4873c412006fad3f5eb790d0a3719d2244ff43955ce8d70c20c8b41fb16be791?s=96&d=mm&r=g\",\"contentUrl\":\"https:\\\/\\\/secure.gravatar.com\\\/avatar\\\/4873c412006fad3f5eb790d0a3719d2244ff43955ce8d70c20c8b41fb16be791?s=96&d=mm&r=g\",\"caption\":\"adminsis\"},\"url\":\"https:\\\/\\\/www.camado.org.co\\\/web2\\\/author\\\/adminsis\\\/\"}]}<\/script>\n<!-- \/ Yoast SEO plugin. -->","yoast_head_json":{"title":"Formaci\u00f3n Empresarial - C\u00e1mara de Comercio de Dosquebradas","robots":{"index":"index","follow":"follow","max-snippet":"max-snippet:-1","max-image-preview":"max-image-preview:large","max-video-preview":"max-video-preview:-1"},"canonical":"https:\/\/www.camado.org.co\/web2\/2020\/01\/21\/formacion-empresarial\/","og_locale":"es_ES","og_type":"article","og_title":"Formaci\u00f3n Empresarial - C\u00e1mara de Comercio de Dosquebradas","og_description":"Para mayor informaci\u00f3n: Tel: 3228599 ext. 110 Correo:\u00a0promocion@camado.org.co","og_url":"https:\/\/www.camado.org.co\/web2\/2020\/01\/21\/formacion-empresarial\/","og_site_name":"C\u00e1mara de Comercio de Dosquebradas","article_published_time":"2020-01-21T15:16:48+00:00","article_modified_time":"2020-01-21T15:21:27+00:00","author":"adminsis","twitter_card":"summary_large_image","twitter_misc":{"Escrito por":"adminsis"},"schema":{"@context":"https:\/\/schema.org","@graph":[{"@type":"Article","@id":"https:\/\/www.camado.org.co\/web2\/2020\/01\/21\/formacion-empresarial\/#article","isPartOf":{"@id":"https:\/\/www.camado.org.co\/web2\/2020\/01\/21\/formacion-empresarial\/"},"author":{"name":"adminsis","@id":"https:\/\/www.camado.org.co\/web2\/#\/schema\/person\/8f7ec5e1b44571608031e15604293106"},"headline":"Formaci\u00f3n Empresarial","datePublished":"2020-01-21T15:16:48+00:00","dateModified":"2020-01-21T15:21:27+00:00","mainEntityOfPage":{"@id":"https:\/\/www.camado.org.co\/web2\/2020\/01\/21\/formacion-empresarial\/"},"wordCount":31,"commentCount":0,"articleSection":["Nuestra C\u00e1mara"],"inLanguage":"es","potentialAction":[{"@type":"CommentAction","name":"Comment","target":["https:\/\/www.camado.org.co\/web2\/2020\/01\/21\/formacion-empresarial\/#respond"]}]},{"@type":"WebPage","@id":"https:\/\/www.camado.org.co\/web2\/2020\/01\/21\/formacion-empresarial\/","url":"https:\/\/www.camado.org.co\/web2\/2020\/01\/21\/formacion-empresarial\/","name":"Formaci\u00f3n Empresarial - C\u00e1mara de Comercio de Dosquebradas","isPartOf":{"@id":"https:\/\/www.camado.org.co\/web2\/#website"},"datePublished":"2020-01-21T15:16:48+00:00","dateModified":"2020-01-21T15:21:27+00:00","author":{"@id":"https:\/\/www.camado.org.co\/web2\/#\/schema\/person\/8f7ec5e1b44571608031e15604293106"},"breadcrumb":{"@id":"https:\/\/www.camado.org.co\/web2\/2020\/01\/21\/formacion-empresarial\/#breadcrumb"},"inLanguage":"es","potentialAction":[{"@type":"ReadAction","target":["https:\/\/www.camado.org.co\/web2\/2020\/01\/21\/formacion-empresarial\/"]}]},{"@type":"BreadcrumbList","@id":"https:\/\/www.camado.org.co\/web2\/2020\/01\/21\/formacion-empresarial\/#breadcrumb","itemListElement":[{"@type":"ListItem","position":1,"name":"Portada","item":"https:\/\/www.camado.org.co\/web2\/"},{"@type":"ListItem","position":2,"name":"Formaci\u00f3n Empresarial"}]},{"@type":"WebSite","@id":"https:\/\/www.camado.org.co\/web2\/#website","url":"https:\/\/www.camado.org.co\/web2\/","name":"C\u00e1mara de Comercio de Dosquebradas","description":"Camado","potentialAction":[{"@type":"SearchAction","target":{"@type":"EntryPoint","urlTemplate":"https:\/\/www.camado.org.co\/web2\/?s={search_term_string}"},"query-input":{"@type":"PropertyValueSpecification","valueRequired":true,"valueName":"search_term_string"}}],"inLanguage":"es"},{"@type":"Person","@id":"https:\/\/www.camado.org.co\/web2\/#\/schema\/person\/8f7ec5e1b44571608031e15604293106","name":"adminsis","image":{"@type":"ImageObject","inLanguage":"es","@id":"https:\/\/secure.gravatar.com\/avatar\/4873c412006fad3f5eb790d0a3719d2244ff43955ce8d70c20c8b41fb16be791?s=96&d=mm&r=g","url":"https:\/\/secure.gravatar.com\/avatar\/4873c412006fad3f5eb790d0a3719d2244ff43955ce8d70c20c8b41fb16be791?s=96&d=mm&r=g","contentUrl":"https:\/\/secure.gravatar.com\/avatar\/4873c412006fad3f5eb790d0a3719d2244ff43955ce8d70c20c8b41fb16be791?s=96&d=mm&r=g","caption":"adminsis"},"url":"https:\/\/www.camado.org.co\/web2\/author\/adminsis\/"}]}},"_links":{"self":[{"href":"https:\/\/www.camado.org.co\/web2\/wp-json\/wp\/v2\/posts\/1600","targetHints":{"allow":["GET"]}}],"collection":[{"href":"https:\/\/www.camado.org.co\/web2\/wp-json\/wp\/v2\/posts"}],"about":[{"href":"https:\/\/www.camado.org.co\/web2\/wp-json\/wp\/v2\/types\/post"}],"author":[{"embeddable":true,"href":"https:\/\/www.camado.org.co\/web2\/wp-json\/wp\/v2\/users\/1"}],"replies":[{"embeddable":true,"href":"https:\/\/www.camado.org.co\/web2\/wp-json\/wp\/v2\/comments?post=1600"}],"version-history":[{"count":5,"href":"https:\/\/www.camado.org.co\/web2\/wp-json\/wp\/v2\/posts\/1600\/revisions"}],"predecessor-version":[{"id":1987,"href":"https:\/\/www.camado.org.co\/web2\/wp-json\/wp\/v2\/posts\/1600\/revisions\/1987"}],"wp:attachment":[{"href":"https:\/\/www.camado.org.co\/web2\/wp-json\/wp\/v2\/media?parent=1600"}],"wp:term":[{"taxonomy":"category","embeddable":true,"href":"https:\/\/www.camado.org.co\/web2\/wp-json\/wp\/v2\/categories?post=1600"},{"taxonomy":"post_tag","embeddable":true,"href":"https:\/\/www.camado.org.co\/web2\/wp-json\/wp\/v2\/tags?post=1600"}],"curies":[{"name":"wp","href":"https:\/\/api.w.org\/{rel}","templated":true}]}}