{"id":186,"date":"2019-11-17T23:58:09","date_gmt":"2019-11-17T23:58:09","guid":{"rendered":"http:\/\/www.camado.org.co\/web2\/?p=186"},"modified":"2026-01-19T19:30:18","modified_gmt":"2026-01-19T19:30:18","slug":"afiliados","status":"publish","type":"post","link":"https:\/\/www.camado.org.co\/web2\/2019\/11\/17\/afiliados\/","title":{"rendered":"Afiliados"},"content":{"rendered":"\n<p><\/p>\n\n\n\n<h2 class=\"wp-block-heading has-vivid-green-cyan-color has-text-color\"><strong>\u00bfQu\u00e9 es el Programa de Afiliados?<\/strong><\/h2>\n\n\n\n<p>Es el lugar donde los empresarios matriculados podr\u00e1n encontrar m\u00faltiples&nbsp; beneficios y servicios exclusivos<\/p>\n\n\n\n<p>Son todas las personas Naturales o Jur\u00eddicas matriculado que solicita voluntariamente <br>su afiliaci\u00f3n a la C\u00e1mara de Comercio, declarando que cumplen con la totalidad de los requisitos se\u00f1alados en la ley y las dem\u00e1s normas correspondientes. <br><br>El comit\u00e9 de afiliaci\u00f3n aceptar\u00e1 o rechazar\u00e1 las solicitudes de afiliaci\u00f3n, previa verificaci\u00f3n <br>del cumplimiento de los requisitos, para obtener beneficios y servicios preferenciales.<\/p>\n\n\n\n        <div class=\"oxi-addons-container oxi-accordions-wrapper oxi-accordions-wrapper-2\" id=\"oxi-accordions-wrapper-2\">\r\n            <div class=\"oxi-addons-row\">\r\n                <div class=\"oxi-accordions-ultimate-style oxi-accordions-ultimate-template-2  oxi-accordions-clearfix oxi-accordions-preloader\"  data-oxi-trigger=\"click\" data-oxi-accordions-type=\"accordions\" data-oxi-auto-play=\"3000\"  style=\"opacity:0\"><div class=\"oxi-accordions-single-card oxi-accordions-single-card-2 0 oxi-accordions-single-card-2-1 0\" id=\"oxi-accordions-single-card-2-1\"><div class=\"oxi-accordions-head-outside-body\"><div class=\"oxi-accordions-header-card\">  <div class=\"oxi-accordions-header-body  oxi-accordions-header oxi-accordions-clearfix\"   data-oxitoggle=\"oxicollapse\" data-oxitarget=\"#oxi-accordions-content-2-1\" aria-expanded=\"false\" ><div class=\"oxi-accordions-expand-collapse-2 oxi-accordions-expand-collapse oxi-accordions-head-expand-collapse-icon-customizable-interface oxi-accordions-expand-collapse-active oxi-accordions-head-expand-collapse-type-icon oxi-accordion-expand-0\"><div class=\"oxi-accordions-expand-collapse-number\">1<\/div><div class=\"oxi-accordions-expand-collapse-icon\">\r\n                        <div class=\"oxi-accordions-expand-icon\">\r\n                        <i class=\"fas fa-plus oxi-icons\"><\/i>\r\n                        <\/div>\r\n                        <div class=\"oxi-accordions-collapse-icon\">\r\n                         <i class=\"fas fa-minus oxi-icons\"><\/i>\r\n                        <\/div>\r\n                    <\/div><\/div>      <div class=\"oxi-accordions-header-content 0 0\"> <div class=\"oxi-accordions-additional-icon oxi-accordions-additional-icon-2 \"> <i class=\"fas fa-adjust oxi-icons\"><\/i><\/div><div class='oxi-accordions-header-title'><div class='oxi-accordions-main-title'>\u00bfC\u00f3mo Ser Afiliado?<\/div><\/div>      <\/div>\r\n                     <\/div>\r\n                    <\/div>  <div class=\"oxicollapse  oxi-accordions-content-card oxi-accordions-content-card-2  \" id=\"oxi-accordions-content-2-1\" data-parent=\"#oxi-accordions-wrapper-2\">     <div class=\"oxi-accordions-content-body 0 oxi-accordions-content-mx-height-interface-button \"  oxi-animation=\"animate__fadeIn\"><p>Un comerciante, sea persona natural o jur\u00eddica, podr\u00e1 ser afiliado a la C\u00e1mara de Comercio de Dosquebradas siempre y cuando: As\u00ed lo solicite.<br><br>Tenga como m\u00ednimo dos (2) a\u00f1os consecutivos de matriculado en cualquier C\u00e1mara de Comercio. Haya ejercido durante este plazo la actividad mercantil. <br><br>Haya cumplido en forma permanente sus obligaciones derivadas de la calidad de comerciante, incluida la renovaci\u00f3n oportuna de la matr\u00edcula mercantil en cada periodo.<br><br>\u201cQue los afiliados personas jur\u00eddicas hayan cumplido con la obligaci\u00f3n de inscribir los libros de actas de asamblea de accionistas o junta de socios y los libros de accionistas o socios, seg\u00fan fuera el caso.\u201d Numeral 7.3 Circular Externa 002 de 2016 (circular \u00fanica) de la Superintendencia de Industria y Comercio.<\/p>      <\/div>\r\n                    <\/div>\r\n\r\n                    <\/div>\r\n                <\/div><div class=\"oxi-accordions-single-card oxi-accordions-single-card-2 0 oxi-accordions-single-card-2-2 0\" id=\"oxi-accordions-single-card-2-2\"><div class=\"oxi-accordions-head-outside-body\"><div class=\"oxi-accordions-header-card\">  <div class=\"oxi-accordions-header-body  oxi-accordions-header oxi-accordions-clearfix\"   data-oxitoggle=\"oxicollapse\" data-oxitarget=\"#oxi-accordions-content-2-2\" aria-expanded=\"false\" ><div class=\"oxi-accordions-expand-collapse-2 oxi-accordions-expand-collapse oxi-accordions-head-expand-collapse-icon-customizable-interface oxi-accordions-expand-collapse-active oxi-accordions-head-expand-collapse-type-icon oxi-accordion-expand-0\"><div class=\"oxi-accordions-expand-collapse-number\">2<\/div><div class=\"oxi-accordions-expand-collapse-icon\">\r\n                        <div class=\"oxi-accordions-expand-icon\">\r\n                        <i class=\"fas fa-plus oxi-icons\"><\/i>\r\n                        <\/div>\r\n                        <div class=\"oxi-accordions-collapse-icon\">\r\n                         <i class=\"fas fa-minus oxi-icons\"><\/i>\r\n                        <\/div>\r\n                    <\/div><\/div>      <div class=\"oxi-accordions-header-content 0 0\"> <div class=\"oxi-accordions-additional-icon oxi-accordions-additional-icon-2 \"> <i class=\"fas fa-ambulance oxi-icons\"><\/i><\/div><div class='oxi-accordions-header-title'><div class='oxi-accordions-main-title'>Derechos de los Afiliados<\/div><\/div>      <\/div>\r\n                     <\/div>\r\n                    <\/div>  <div class=\"oxicollapse  oxi-accordions-content-card oxi-accordions-content-card-2  \" id=\"oxi-accordions-content-2-2\" data-parent=\"#oxi-accordions-wrapper-2\">     <div class=\"oxi-accordions-content-body 0 oxi-accordions-content-mx-height-interface-button \"  oxi-animation=\"animate__fadeIn\"><p>Los afiliados de la C\u00e1mara de Comercio de Dosquebradas tendr\u00e1n derecho a:<\/p>\r\n<p>Elegir y ser elegidos miembros de Junta Directiva de la C\u00e1mara de Comercio de Dosquebradas, bajo las condiciones y los requisitos que determinen la ley y las normas reglamentarias. Dar como referencia a la C\u00e1mara de Comercio.<br>Acceder gratuitamente a las publicaciones que determine la C\u00e1mara de Comercio de Dosquebradas.<br><br>Obtener gratuitamente las certificaciones derivadas de su registro mercantil, sin exceder el monto de su cuota de afiliaci\u00f3n.<\/p>      <\/div>\r\n                    <\/div>\r\n\r\n                    <\/div>\r\n                <\/div><div class=\"oxi-accordions-single-card oxi-accordions-single-card-2 0 oxi-accordions-single-card-2-3 0\" id=\"oxi-accordions-single-card-2-3\"><div class=\"oxi-accordions-head-outside-body\"><div class=\"oxi-accordions-header-card\">  <div class=\"oxi-accordions-header-body  oxi-accordions-header oxi-accordions-clearfix\"   data-oxitoggle=\"oxicollapse\" data-oxitarget=\"#oxi-accordions-content-2-3\" aria-expanded=\"false\" ><div class=\"oxi-accordions-expand-collapse-2 oxi-accordions-expand-collapse oxi-accordions-head-expand-collapse-icon-customizable-interface oxi-accordions-expand-collapse-active oxi-accordions-head-expand-collapse-type-icon oxi-accordion-expand-0\"><div class=\"oxi-accordions-expand-collapse-number\">3<\/div><div class=\"oxi-accordions-expand-collapse-icon\">\r\n                        <div class=\"oxi-accordions-expand-icon\">\r\n                        <i class=\"fas fa-plus oxi-icons\"><\/i>\r\n                        <\/div>\r\n                        <div class=\"oxi-accordions-collapse-icon\">\r\n                         <i class=\"fas fa-minus oxi-icons\"><\/i>\r\n                        <\/div>\r\n                    <\/div><\/div>      <div class=\"oxi-accordions-header-content 0 0\"> <div class=\"oxi-accordions-additional-icon oxi-accordions-additional-icon-2 \"> <i class=\"fab fa-android oxi-icons\"><\/i><\/div><div class='oxi-accordions-header-title'><div class='oxi-accordions-main-title'>Beneficios<\/div><\/div>      <\/div>\r\n                     <\/div>\r\n                    <\/div>  <div class=\"oxicollapse  oxi-accordions-content-card oxi-accordions-content-card-2  \" id=\"oxi-accordions-content-2-3\" data-parent=\"#oxi-accordions-wrapper-2\">     <div class=\"oxi-accordions-content-body 0 oxi-accordions-content-mx-height-interface-button \"  oxi-animation=\"animate__fadeIn\"><ul>\r\n<li>Atenci\u00f3n preferencial<\/li>\r\n<li>Expedici\u00f3n gratuita de certificados por el valor pagado para afiliaci\u00f3n<\/li>\r\n<li>Renovaci\u00f3n de matr\u00edcula mercantil asistida en las instalaciones de la empresa<\/li>\r\n<li>Solicitud telef\u00f3nica de certificados<\/li>\r\n<li>Descuento en seminarios, foros y conferencias\u00b9<\/li>\r\n<li>Publicidad de la empresa en la p\u00e1gina web de la C\u00e1mara de Comercio de Dosquebradas<\/li>\r\n<li>Jornadas de Networking<\/li>\r\n<\/ul>      <\/div>\r\n                    <\/div>\r\n\r\n                    <\/div>\r\n                <\/div><div class=\"oxi-accordions-single-card oxi-accordions-single-card-2 0 oxi-accordions-single-card-2-4 0\" id=\"oxi-accordions-single-card-2-4\"><div class=\"oxi-accordions-head-outside-body\"><div class=\"oxi-accordions-header-card\">  <div class=\"oxi-accordions-header-body  oxi-accordions-header oxi-accordions-clearfix\"   data-oxitoggle=\"oxicollapse\" data-oxitarget=\"#oxi-accordions-content-2-4\" aria-expanded=\"false\" ><div class=\"oxi-accordions-expand-collapse-2 oxi-accordions-expand-collapse oxi-accordions-head-expand-collapse-icon-customizable-interface oxi-accordions-expand-collapse-active oxi-accordions-head-expand-collapse-type-icon oxi-accordion-expand-0\"><div class=\"oxi-accordions-expand-collapse-number\">4<\/div><div class=\"oxi-accordions-expand-collapse-icon\">\r\n                        <div class=\"oxi-accordions-expand-icon\">\r\n                        <i class=\"fas fa-plus oxi-icons\"><\/i>\r\n                        <\/div>\r\n                        <div class=\"oxi-accordions-collapse-icon\">\r\n                         <i class=\"fas fa-minus oxi-icons\"><\/i>\r\n                        <\/div>\r\n                    <\/div><\/div>      <div class=\"oxi-accordions-header-content 0 0\"> <div class=\"oxi-accordions-additional-icon oxi-accordions-additional-icon-2 \"> <i class=\"fab fa-apple oxi-icons\"><\/i><\/div><div class='oxi-accordions-header-title'><div class='oxi-accordions-main-title'>Tarifas<\/div><\/div>      <\/div>\r\n                     <\/div>\r\n                    <\/div>  <div class=\"oxicollapse  oxi-accordions-content-card oxi-accordions-content-card-2  \" id=\"oxi-accordions-content-2-4\" data-parent=\"#oxi-accordions-wrapper-2\">     <div class=\"oxi-accordions-content-body 0 oxi-accordions-content-mx-height-interface-button \"  oxi-animation=\"animate__fadeIn\"><p><img loading=\"lazy\" decoding=\"async\" class=\"alignnone wp-image-8185 size-full\" src=\"https:\/\/www.camado.org.co\/web2\/wp-content\/uploads\/2026\/01\/TARIFAS-AFILIADOS.png\" alt=\"\" width=\"1092\" height=\"568\" \/><\/p>      <\/div>\r\n                    <\/div>\r\n\r\n                    <\/div>\r\n                <\/div><\/div>            <\/div>\r\n        <\/div>\r\n\n\n\n\n<div class=\"wp-block-columns is-layout-flex wp-container-core-columns-is-layout-9d6595d7 wp-block-columns-is-layout-flex\">\n<div class=\"wp-block-column is-layout-flow wp-block-column-is-layout-flow\">\n<figure class=\"wp-block-image size-large\"><img loading=\"lazy\" decoding=\"async\" width=\"716\" height=\"1024\" src=\"https:\/\/www.camado.org.co\/web2\/wp-content\/uploads\/2019\/11\/afiliados-cuaderno-716x1024.png\" alt=\"\" class=\"wp-image-9538\" srcset=\"https:\/\/www.camado.org.co\/web2\/wp-content\/uploads\/2019\/11\/afiliados-cuaderno-716x1024.png 716w, https:\/\/www.camado.org.co\/web2\/wp-content\/uploads\/2019\/11\/afiliados-cuaderno-210x300.png 210w, https:\/\/www.camado.org.co\/web2\/wp-content\/uploads\/2019\/11\/afiliados-cuaderno-768x1098.png 768w, https:\/\/www.camado.org.co\/web2\/wp-content\/uploads\/2019\/11\/afiliados-cuaderno-1075x1536.png 1075w, https:\/\/www.camado.org.co\/web2\/wp-content\/uploads\/2019\/11\/afiliados-cuaderno-696x995.png 696w, https:\/\/www.camado.org.co\/web2\/wp-content\/uploads\/2019\/11\/afiliados-cuaderno-1068x1526.png 1068w, https:\/\/www.camado.org.co\/web2\/wp-content\/uploads\/2019\/11\/afiliados-cuaderno-294x420.png 294w, https:\/\/www.camado.org.co\/web2\/wp-content\/uploads\/2019\/11\/afiliados-cuaderno.png 1377w\" sizes=\"auto, (max-width: 716px) 100vw, 716px\" \/><\/figure>\n<\/div>\n\n\n\n<div class=\"wp-block-column is-layout-flow wp-block-column-is-layout-flow\">\n<div class=\"wp-block-buttons is-vertical is-layout-flex wp-container-core-buttons-is-layout-8cf370e7 wp-block-buttons-is-layout-flex\">\n<div class=\"wp-block-button\"><a class=\"wp-block-button__link has-vivid-green-cyan-background-color has-background wp-element-button\" href=\"https:\/\/www.camado.org.co\/web2\/wp-content\/uploads\/2025\/09\/BASE-AFILIADOS-2025.xlsx\">Lista de Empresarios Afiliados<\/a><\/div>\n\n\n\n<div class=\"wp-block-button\"><a class=\"wp-block-button__link has-vivid-green-cyan-background-color has-background wp-element-button\" href=\"https:\/\/www.camado.org.co\/web2\/wp-content\/uploads\/2025\/09\/BASE-VIP-2025.xlsx\">Lista de Empresarios VIP<\/a><\/div>\n<\/div>\n<\/div>\n<\/div>\n\n\n\n<p>Para mayor informaci\u00f3n: C\u00e1mara de Comercio de DosquebradasCalle 41 # 15 &#8211; 25 Barrio Buenos Aires<br> Tel\u00e9fono: +57 (606)3228599 ext. 103<br> Celular:<img loading=\"lazy\" decoding=\"async\" width=\"50\" height=\"28\" class=\"wp-image-6015\" style=\"width: 50px;\" src=\"https:\/\/www.camado.org.co\/web2\/wp-content\/uploads\/2019\/11\/WhatsApp-logo.png\" alt=\"\" srcset=\"https:\/\/www.camado.org.co\/web2\/wp-content\/uploads\/2019\/11\/WhatsApp-logo.png 3840w, https:\/\/www.camado.org.co\/web2\/wp-content\/uploads\/2019\/11\/WhatsApp-logo-300x169.png 300w, https:\/\/www.camado.org.co\/web2\/wp-content\/uploads\/2019\/11\/WhatsApp-logo-1024x576.png 1024w, https:\/\/www.camado.org.co\/web2\/wp-content\/uploads\/2019\/11\/WhatsApp-logo-768x432.png 768w, https:\/\/www.camado.org.co\/web2\/wp-content\/uploads\/2019\/11\/WhatsApp-logo-1536x864.png 1536w, https:\/\/www.camado.org.co\/web2\/wp-content\/uploads\/2019\/11\/WhatsApp-logo-2048x1152.png 2048w, https:\/\/www.camado.org.co\/web2\/wp-content\/uploads\/2019\/11\/WhatsApp-logo-696x385.png 696w, https:\/\/www.camado.org.co\/web2\/wp-content\/uploads\/2019\/11\/WhatsApp-logo-1068x601.png 1068w, https:\/\/www.camado.org.co\/web2\/wp-content\/uploads\/2019\/11\/WhatsApp-logo-747x420.png 747w, https:\/\/www.camado.org.co\/web2\/wp-content\/uploads\/2019\/11\/WhatsApp-logo-1920x1080.png 1920w\" sizes=\"auto, (max-width: 50px) 100vw, 50px\" \/> <a href=\"https:\/\/api.whatsapp.com\/send?phone=573008745180\">3008745180<\/a><br> Correo electr\u00f3nico afiliados@camado.org.co<\/p>\n","protected":false},"excerpt":{"rendered":"<p>\u00bfQu\u00e9 es el Programa de Afiliados? Es el lugar donde los empresarios matriculados podr\u00e1n encontrar m\u00faltiples&nbsp; beneficios y servicios exclusivos Son todas las personas Naturales o Jur\u00eddicas matriculado que solicita voluntariamente su afiliaci\u00f3n a la C\u00e1mara de Comercio, declarando que cumplen con la totalidad de los requisitos se\u00f1alados en la ley y las dem\u00e1s normas [&hellip;]<\/p>\n","protected":false},"author":1,"featured_media":0,"comment_status":"open","ping_status":"open","sticky":false,"template":"","format":"standard","meta":{"ngg_post_thumbnail":0,"footnotes":""},"categories":[10],"tags":[],"class_list":{"0":"post-186","1":"post","2":"type-post","3":"status-publish","4":"format-standard","6":"category-nuestra-camara"},"yoast_head":"<!-- This site is optimized with the Yoast SEO plugin v27.5 - https:\/\/yoast.com\/product\/yoast-seo-wordpress\/ -->\n<title>Afiliados - C\u00e1mara de Comercio de Dosquebradas<\/title>\n<meta name=\"robots\" content=\"index, follow, max-snippet:-1, max-image-preview:large, max-video-preview:-1\" \/>\n<link rel=\"canonical\" href=\"https:\/\/www.camado.org.co\/web2\/2019\/11\/17\/afiliados\/\" \/>\n<meta property=\"og:locale\" content=\"es_ES\" \/>\n<meta property=\"og:type\" content=\"article\" \/>\n<meta property=\"og:title\" content=\"Afiliados - C\u00e1mara de Comercio de Dosquebradas\" \/>\n<meta property=\"og:description\" content=\"\u00bfQu\u00e9 es el Programa de Afiliados? Es el lugar donde los empresarios matriculados podr\u00e1n encontrar m\u00faltiples&nbsp; beneficios y servicios exclusivos Son todas las personas Naturales o Jur\u00eddicas matriculado que solicita voluntariamente su afiliaci\u00f3n a la C\u00e1mara de Comercio, declarando que cumplen con la totalidad de los requisitos se\u00f1alados en la ley y las dem\u00e1s normas [&hellip;]\" \/>\n<meta property=\"og:url\" content=\"https:\/\/www.camado.org.co\/web2\/2019\/11\/17\/afiliados\/\" \/>\n<meta property=\"og:site_name\" content=\"C\u00e1mara de Comercio de Dosquebradas\" \/>\n<meta property=\"article:published_time\" content=\"2019-11-17T23:58:09+00:00\" \/>\n<meta property=\"article:modified_time\" content=\"2026-01-19T19:30:18+00:00\" \/>\n<meta property=\"og:image\" content=\"https:\/\/www.camado.org.co\/web2\/wp-content\/uploads\/2019\/11\/afiliados-cuaderno-716x1024.png\" \/>\n<meta name=\"author\" content=\"adminsis\" \/>\n<meta name=\"twitter:card\" content=\"summary_large_image\" \/>\n<meta name=\"twitter:label1\" content=\"Escrito por\" \/>\n\t<meta name=\"twitter:data1\" content=\"adminsis\" \/>\n\t<meta name=\"twitter:label2\" content=\"Tiempo de lectura\" \/>\n\t<meta name=\"twitter:data2\" content=\"1 minuto\" \/>\n<script type=\"application\/ld+json\" class=\"yoast-schema-graph\">{\"@context\":\"https:\\\/\\\/schema.org\",\"@graph\":[{\"@type\":\"Article\",\"@id\":\"https:\\\/\\\/www.camado.org.co\\\/web2\\\/2019\\\/11\\\/17\\\/afiliados\\\/#article\",\"isPartOf\":{\"@id\":\"https:\\\/\\\/www.camado.org.co\\\/web2\\\/2019\\\/11\\\/17\\\/afiliados\\\/\"},\"author\":{\"name\":\"adminsis\",\"@id\":\"https:\\\/\\\/www.camado.org.co\\\/web2\\\/#\\\/schema\\\/person\\\/8f7ec5e1b44571608031e15604293106\"},\"headline\":\"Afiliados\",\"datePublished\":\"2019-11-17T23:58:09+00:00\",\"dateModified\":\"2026-01-19T19:30:18+00:00\",\"mainEntityOfPage\":{\"@id\":\"https:\\\/\\\/www.camado.org.co\\\/web2\\\/2019\\\/11\\\/17\\\/afiliados\\\/\"},\"wordCount\":128,\"commentCount\":0,\"image\":{\"@id\":\"https:\\\/\\\/www.camado.org.co\\\/web2\\\/2019\\\/11\\\/17\\\/afiliados\\\/#primaryimage\"},\"thumbnailUrl\":\"https:\\\/\\\/www.camado.org.co\\\/web2\\\/wp-content\\\/uploads\\\/2019\\\/11\\\/afiliados-cuaderno-716x1024.png\",\"articleSection\":[\"Nuestra C\u00e1mara\"],\"inLanguage\":\"es\",\"potentialAction\":[{\"@type\":\"CommentAction\",\"name\":\"Comment\",\"target\":[\"https:\\\/\\\/www.camado.org.co\\\/web2\\\/2019\\\/11\\\/17\\\/afiliados\\\/#respond\"]}]},{\"@type\":\"WebPage\",\"@id\":\"https:\\\/\\\/www.camado.org.co\\\/web2\\\/2019\\\/11\\\/17\\\/afiliados\\\/\",\"url\":\"https:\\\/\\\/www.camado.org.co\\\/web2\\\/2019\\\/11\\\/17\\\/afiliados\\\/\",\"name\":\"Afiliados - C\u00e1mara de Comercio de Dosquebradas\",\"isPartOf\":{\"@id\":\"https:\\\/\\\/www.camado.org.co\\\/web2\\\/#website\"},\"primaryImageOfPage\":{\"@id\":\"https:\\\/\\\/www.camado.org.co\\\/web2\\\/2019\\\/11\\\/17\\\/afiliados\\\/#primaryimage\"},\"image\":{\"@id\":\"https:\\\/\\\/www.camado.org.co\\\/web2\\\/2019\\\/11\\\/17\\\/afiliados\\\/#primaryimage\"},\"thumbnailUrl\":\"https:\\\/\\\/www.camado.org.co\\\/web2\\\/wp-content\\\/uploads\\\/2019\\\/11\\\/afiliados-cuaderno-716x1024.png\",\"datePublished\":\"2019-11-17T23:58:09+00:00\",\"dateModified\":\"2026-01-19T19:30:18+00:00\",\"author\":{\"@id\":\"https:\\\/\\\/www.camado.org.co\\\/web2\\\/#\\\/schema\\\/person\\\/8f7ec5e1b44571608031e15604293106\"},\"breadcrumb\":{\"@id\":\"https:\\\/\\\/www.camado.org.co\\\/web2\\\/2019\\\/11\\\/17\\\/afiliados\\\/#breadcrumb\"},\"inLanguage\":\"es\",\"potentialAction\":[{\"@type\":\"ReadAction\",\"target\":[\"https:\\\/\\\/www.camado.org.co\\\/web2\\\/2019\\\/11\\\/17\\\/afiliados\\\/\"]}]},{\"@type\":\"ImageObject\",\"inLanguage\":\"es\",\"@id\":\"https:\\\/\\\/www.camado.org.co\\\/web2\\\/2019\\\/11\\\/17\\\/afiliados\\\/#primaryimage\",\"url\":\"https:\\\/\\\/www.camado.org.co\\\/web2\\\/wp-content\\\/uploads\\\/2019\\\/11\\\/afiliados-cuaderno.png\",\"contentUrl\":\"https:\\\/\\\/www.camado.org.co\\\/web2\\\/wp-content\\\/uploads\\\/2019\\\/11\\\/afiliados-cuaderno.png\",\"width\":1377,\"height\":1968},{\"@type\":\"BreadcrumbList\",\"@id\":\"https:\\\/\\\/www.camado.org.co\\\/web2\\\/2019\\\/11\\\/17\\\/afiliados\\\/#breadcrumb\",\"itemListElement\":[{\"@type\":\"ListItem\",\"position\":1,\"name\":\"Portada\",\"item\":\"https:\\\/\\\/www.camado.org.co\\\/web2\\\/\"},{\"@type\":\"ListItem\",\"position\":2,\"name\":\"Afiliados\"}]},{\"@type\":\"WebSite\",\"@id\":\"https:\\\/\\\/www.camado.org.co\\\/web2\\\/#website\",\"url\":\"https:\\\/\\\/www.camado.org.co\\\/web2\\\/\",\"name\":\"C\u00e1mara de Comercio de Dosquebradas\",\"description\":\"Camado\",\"potentialAction\":[{\"@type\":\"SearchAction\",\"target\":{\"@type\":\"EntryPoint\",\"urlTemplate\":\"https:\\\/\\\/www.camado.org.co\\\/web2\\\/?s={search_term_string}\"},\"query-input\":{\"@type\":\"PropertyValueSpecification\",\"valueRequired\":true,\"valueName\":\"search_term_string\"}}],\"inLanguage\":\"es\"},{\"@type\":\"Person\",\"@id\":\"https:\\\/\\\/www.camado.org.co\\\/web2\\\/#\\\/schema\\\/person\\\/8f7ec5e1b44571608031e15604293106\",\"name\":\"adminsis\",\"image\":{\"@type\":\"ImageObject\",\"inLanguage\":\"es\",\"@id\":\"https:\\\/\\\/secure.gravatar.com\\\/avatar\\\/4873c412006fad3f5eb790d0a3719d2244ff43955ce8d70c20c8b41fb16be791?s=96&d=mm&r=g\",\"url\":\"https:\\\/\\\/secure.gravatar.com\\\/avatar\\\/4873c412006fad3f5eb790d0a3719d2244ff43955ce8d70c20c8b41fb16be791?s=96&d=mm&r=g\",\"contentUrl\":\"https:\\\/\\\/secure.gravatar.com\\\/avatar\\\/4873c412006fad3f5eb790d0a3719d2244ff43955ce8d70c20c8b41fb16be791?s=96&d=mm&r=g\",\"caption\":\"adminsis\"},\"url\":\"https:\\\/\\\/www.camado.org.co\\\/web2\\\/author\\\/adminsis\\\/\"}]}<\/script>\n<!-- \/ Yoast SEO plugin. -->","yoast_head_json":{"title":"Afiliados - C\u00e1mara de Comercio de Dosquebradas","robots":{"index":"index","follow":"follow","max-snippet":"max-snippet:-1","max-image-preview":"max-image-preview:large","max-video-preview":"max-video-preview:-1"},"canonical":"https:\/\/www.camado.org.co\/web2\/2019\/11\/17\/afiliados\/","og_locale":"es_ES","og_type":"article","og_title":"Afiliados - C\u00e1mara de Comercio de Dosquebradas","og_description":"\u00bfQu\u00e9 es el Programa de Afiliados? Es el lugar donde los empresarios matriculados podr\u00e1n encontrar m\u00faltiples&nbsp; beneficios y servicios exclusivos Son todas las personas Naturales o Jur\u00eddicas matriculado que solicita voluntariamente su afiliaci\u00f3n a la C\u00e1mara de Comercio, declarando que cumplen con la totalidad de los requisitos se\u00f1alados en la ley y las dem\u00e1s normas [&hellip;]","og_url":"https:\/\/www.camado.org.co\/web2\/2019\/11\/17\/afiliados\/","og_site_name":"C\u00e1mara de Comercio de Dosquebradas","article_published_time":"2019-11-17T23:58:09+00:00","article_modified_time":"2026-01-19T19:30:18+00:00","og_image":[{"url":"https:\/\/www.camado.org.co\/web2\/wp-content\/uploads\/2019\/11\/afiliados-cuaderno-716x1024.png","type":"","width":"","height":""}],"author":"adminsis","twitter_card":"summary_large_image","twitter_misc":{"Escrito por":"adminsis","Tiempo de lectura":"1 minuto"},"schema":{"@context":"https:\/\/schema.org","@graph":[{"@type":"Article","@id":"https:\/\/www.camado.org.co\/web2\/2019\/11\/17\/afiliados\/#article","isPartOf":{"@id":"https:\/\/www.camado.org.co\/web2\/2019\/11\/17\/afiliados\/"},"author":{"name":"adminsis","@id":"https:\/\/www.camado.org.co\/web2\/#\/schema\/person\/8f7ec5e1b44571608031e15604293106"},"headline":"Afiliados","datePublished":"2019-11-17T23:58:09+00:00","dateModified":"2026-01-19T19:30:18+00:00","mainEntityOfPage":{"@id":"https:\/\/www.camado.org.co\/web2\/2019\/11\/17\/afiliados\/"},"wordCount":128,"commentCount":0,"image":{"@id":"https:\/\/www.camado.org.co\/web2\/2019\/11\/17\/afiliados\/#primaryimage"},"thumbnailUrl":"https:\/\/www.camado.org.co\/web2\/wp-content\/uploads\/2019\/11\/afiliados-cuaderno-716x1024.png","articleSection":["Nuestra C\u00e1mara"],"inLanguage":"es","potentialAction":[{"@type":"CommentAction","name":"Comment","target":["https:\/\/www.camado.org.co\/web2\/2019\/11\/17\/afiliados\/#respond"]}]},{"@type":"WebPage","@id":"https:\/\/www.camado.org.co\/web2\/2019\/11\/17\/afiliados\/","url":"https:\/\/www.camado.org.co\/web2\/2019\/11\/17\/afiliados\/","name":"Afiliados - C\u00e1mara de Comercio de Dosquebradas","isPartOf":{"@id":"https:\/\/www.camado.org.co\/web2\/#website"},"primaryImageOfPage":{"@id":"https:\/\/www.camado.org.co\/web2\/2019\/11\/17\/afiliados\/#primaryimage"},"image":{"@id":"https:\/\/www.camado.org.co\/web2\/2019\/11\/17\/afiliados\/#primaryimage"},"thumbnailUrl":"https:\/\/www.camado.org.co\/web2\/wp-content\/uploads\/2019\/11\/afiliados-cuaderno-716x1024.png","datePublished":"2019-11-17T23:58:09+00:00","dateModified":"2026-01-19T19:30:18+00:00","author":{"@id":"https:\/\/www.camado.org.co\/web2\/#\/schema\/person\/8f7ec5e1b44571608031e15604293106"},"breadcrumb":{"@id":"https:\/\/www.camado.org.co\/web2\/2019\/11\/17\/afiliados\/#breadcrumb"},"inLanguage":"es","potentialAction":[{"@type":"ReadAction","target":["https:\/\/www.camado.org.co\/web2\/2019\/11\/17\/afiliados\/"]}]},{"@type":"ImageObject","inLanguage":"es","@id":"https:\/\/www.camado.org.co\/web2\/2019\/11\/17\/afiliados\/#primaryimage","url":"https:\/\/www.camado.org.co\/web2\/wp-content\/uploads\/2019\/11\/afiliados-cuaderno.png","contentUrl":"https:\/\/www.camado.org.co\/web2\/wp-content\/uploads\/2019\/11\/afiliados-cuaderno.png","width":1377,"height":1968},{"@type":"BreadcrumbList","@id":"https:\/\/www.camado.org.co\/web2\/2019\/11\/17\/afiliados\/#breadcrumb","itemListElement":[{"@type":"ListItem","position":1,"name":"Portada","item":"https:\/\/www.camado.org.co\/web2\/"},{"@type":"ListItem","position":2,"name":"Afiliados"}]},{"@type":"WebSite","@id":"https:\/\/www.camado.org.co\/web2\/#website","url":"https:\/\/www.camado.org.co\/web2\/","name":"C\u00e1mara de Comercio de Dosquebradas","description":"Camado","potentialAction":[{"@type":"SearchAction","target":{"@type":"EntryPoint","urlTemplate":"https:\/\/www.camado.org.co\/web2\/?s={search_term_string}"},"query-input":{"@type":"PropertyValueSpecification","valueRequired":true,"valueName":"search_term_string"}}],"inLanguage":"es"},{"@type":"Person","@id":"https:\/\/www.camado.org.co\/web2\/#\/schema\/person\/8f7ec5e1b44571608031e15604293106","name":"adminsis","image":{"@type":"ImageObject","inLanguage":"es","@id":"https:\/\/secure.gravatar.com\/avatar\/4873c412006fad3f5eb790d0a3719d2244ff43955ce8d70c20c8b41fb16be791?s=96&d=mm&r=g","url":"https:\/\/secure.gravatar.com\/avatar\/4873c412006fad3f5eb790d0a3719d2244ff43955ce8d70c20c8b41fb16be791?s=96&d=mm&r=g","contentUrl":"https:\/\/secure.gravatar.com\/avatar\/4873c412006fad3f5eb790d0a3719d2244ff43955ce8d70c20c8b41fb16be791?s=96&d=mm&r=g","caption":"adminsis"},"url":"https:\/\/www.camado.org.co\/web2\/author\/adminsis\/"}]}},"_links":{"self":[{"href":"https:\/\/www.camado.org.co\/web2\/wp-json\/wp\/v2\/posts\/186","targetHints":{"allow":["GET"]}}],"collection":[{"href":"https:\/\/www.camado.org.co\/web2\/wp-json\/wp\/v2\/posts"}],"about":[{"href":"https:\/\/www.camado.org.co\/web2\/wp-json\/wp\/v2\/types\/post"}],"author":[{"embeddable":true,"href":"https:\/\/www.camado.org.co\/web2\/wp-json\/wp\/v2\/users\/1"}],"replies":[{"embeddable":true,"href":"https:\/\/www.camado.org.co\/web2\/wp-json\/wp\/v2\/comments?post=186"}],"version-history":[{"count":27,"href":"https:\/\/www.camado.org.co\/web2\/wp-json\/wp\/v2\/posts\/186\/revisions"}],"predecessor-version":[{"id":9539,"href":"https:\/\/www.camado.org.co\/web2\/wp-json\/wp\/v2\/posts\/186\/revisions\/9539"}],"wp:attachment":[{"href":"https:\/\/www.camado.org.co\/web2\/wp-json\/wp\/v2\/media?parent=186"}],"wp:term":[{"taxonomy":"category","embeddable":true,"href":"https:\/\/www.camado.org.co\/web2\/wp-json\/wp\/v2\/categories?post=186"},{"taxonomy":"post_tag","embeddable":true,"href":"https:\/\/www.camado.org.co\/web2\/wp-json\/wp\/v2\/tags?post=186"}],"curies":[{"name":"wp","href":"https:\/\/api.w.org\/{rel}","templated":true}]}}