{"id":2526,"date":"2020-09-08T16:05:45","date_gmt":"2020-09-08T16:05:45","guid":{"rendered":"https:\/\/www.camado.org.co\/web2\/?p=2526"},"modified":"2021-09-30T21:24:23","modified_gmt":"2021-09-30T21:24:23","slug":"fabricas-de-productividad","status":"publish","type":"post","link":"https:\/\/www.camado.org.co\/web2\/2020\/09\/08\/fabricas-de-productividad\/","title":{"rendered":"F\u00e1bricas de productividad"},"content":{"rendered":"\n<p><strong>GENERALIDADES DEL PROGRAMA DE FABRICAS DE PRODUCTIVIDAD<\/strong><\/p>\n\n\n\n<p>F\u00e1bricas de Productividad\nes la apuesta del Gobierno Nacional, liderada por Colombia Productiva y el\nMinisterio de Comercio Industria y Turismo, con aliados regionales como las\nC\u00e1maras de Comercio, que busca mejorar la productividad interna de las empresas\npara que produzcan m\u00e1s y mejor; y generar capacidades en las regiones a trav\u00e9s\nde la formaci\u00f3n de expertos y la consolidaci\u00f3n de una Base Nacional de\nExtensionistas.<\/p>\n\n\n\n<p>El programa tiene como\nobjetivo Incrementar la productividad interna de las empresas mediante\nasistencia t\u00e9cnica en temas como Gesti\u00f3n de la Calidad, Productividad\nOperacional, Log\u00edstica, Gesti\u00f3n Comercial, Eficiencia Energ\u00e9tica, Productividad\nLaboral, Desarrollo y Sofisticaci\u00f3n de Producto, Transformaci\u00f3n Digital y\nSostenibilidad Ambiental, brindada por consultores expertos (extensionistas)\npara el mejoramiento de la competitividad de las empresas.&nbsp;<\/p>\n\n\n\n<p>Adem\u00e1s, el programa busca mejorar las capacidades especializadas de las regiones y de las empresas, a trav\u00e9s de intervenciones de asistencia t\u00e9cnica y acompa\u00f1amiento para mejorar sus procesos de producci\u00f3n, optimizar su consumo de energ\u00eda, cumplir normas de calidad, promover innovaci\u00f3n, y mejorar la gesti\u00f3n del talento humano, entre otros temas claves.<\/p>\n\n\n\n<p>La C\u00e1mara de Comercio de Dosquebradas lidera 50 de estas intervenciones en la vigencia 2020-2021 para el departamento de Risaralda. En ese sentido y para el cumplimiento de los prop\u00f3sitos del programa, se requiere la construcci\u00f3n de un Registro Regional de EXTENSIONISTAS, persona natural y\/o jur\u00eddica con experiencia espec\u00edfica certificada de acuerdo con las l\u00edneas de intervenci\u00f3n del programa.&nbsp; Esos extensionistas habilitados, ser\u00e1n los encargados de prestar los servicios de Extensionismo Tecnol\u00f3gico a las empresas para mejorar la productividad, competitividad o rentabilidad de acuerdo con el Plan de Trabajo; garantizando la atenci\u00f3n permanente en productividad al tejido empresarial, con metodolog\u00edas de mejoramiento productivo, conocimiento de tecnolog\u00edas, del ambiente de negocios de las empresas y habilidades para comunicarse con los empresarios y entender sus necesidades.<\/p>\n\n\n\n<div class=\"wp-block-group\"><div class=\"wp-block-group__inner-container is-layout-flow wp-block-group-is-layout-flow\">\n<div class=\"wp-block-button is-style-outline\"><a class=\"wp-block-button__link has-text-color has-very-light-gray-color has-background has-vivid-cyan-blue-background-color\" href=\"https:\/\/www.colombiaproductiva.com\/ptp-servicios\/ptp-proyectos\/fabricas-de-productividad\/empresas\/inscripcion\" target=\"_blank\" rel=\"noopener noreferrer\">SI ERES EMPRESA Y QUIERES<br>PARTICIPAR DEL PROGRAMA<\/a>\n\n<a class=\"wp-block-button__link has-text-color has-very-light-gray-color has-background has-vivid-cyan-blue-background-color\" href=\"https:\/\/www.camado.org.co\/web2\/wp-content\/uploads\/2020\/09\/T\u00c9RMINOS-DE-REFERENCIA-1.pdf\" target=\"_blank\" rel=\"noopener noreferrer\">SI ERES EXTENSIONISTA Y QUIERES<br>PARTICIPAR CON NOSOTROS<\/a><\/div>\n\n<a class=\"wp-block-button__link has-text-color has-very-light-gray-color has-background has-vivid-cyan-blue-background-color\" href=\"https:\/\/www.camado.org.co\/web2\/wp-content\/uploads\/2021\/09\/Adenda-T\u00e9rminos-de-Referencia-extensionistas-F\u00e1bricas-de-Productividad-1.pdf\" target=\"_blank\" rel=\"noopener noreferrer\">ADENDA TERMINOS DE REFERENCIA EXTENSIONISTAS<br><\/a><\/div>\n<\/div><\/div>\n","protected":false},"excerpt":{"rendered":"<p>GENERALIDADES DEL PROGRAMA DE FABRICAS DE PRODUCTIVIDAD F\u00e1bricas de Productividad es la apuesta del Gobierno Nacional, liderada por Colombia Productiva y el Ministerio de Comercio Industria y Turismo, con aliados regionales como las C\u00e1maras de Comercio, que busca mejorar la productividad interna de las empresas para que produzcan m\u00e1s y mejor; y generar capacidades en [&hellip;]<\/p>\n","protected":false},"author":1,"featured_media":2549,"comment_status":"open","ping_status":"open","sticky":false,"template":"","format":"standard","meta":{"ngg_post_thumbnail":0,"footnotes":""},"categories":[1],"tags":[],"class_list":{"0":"post-2526","1":"post","2":"type-post","3":"status-publish","4":"format-standard","5":"has-post-thumbnail","7":"category-sin-categoria"},"yoast_head":"<!-- This site is optimized with the Yoast SEO plugin v27.5 - https:\/\/yoast.com\/product\/yoast-seo-wordpress\/ -->\n<title>F\u00e1bricas de productividad - C\u00e1mara de Comercio de Dosquebradas<\/title>\n<meta name=\"robots\" content=\"index, follow, max-snippet:-1, max-image-preview:large, max-video-preview:-1\" \/>\n<link rel=\"canonical\" href=\"https:\/\/www.camado.org.co\/web2\/2020\/09\/08\/fabricas-de-productividad\/\" \/>\n<meta property=\"og:locale\" content=\"es_ES\" \/>\n<meta property=\"og:type\" content=\"article\" \/>\n<meta property=\"og:title\" content=\"F\u00e1bricas de productividad - C\u00e1mara de Comercio de Dosquebradas\" \/>\n<meta property=\"og:description\" content=\"GENERALIDADES DEL PROGRAMA DE FABRICAS DE PRODUCTIVIDAD F\u00e1bricas de Productividad es la apuesta del Gobierno Nacional, liderada por Colombia Productiva y el Ministerio de Comercio Industria y Turismo, con aliados regionales como las C\u00e1maras de Comercio, que busca mejorar la productividad interna de las empresas para que produzcan m\u00e1s y mejor; y generar capacidades en [&hellip;]\" \/>\n<meta property=\"og:url\" content=\"https:\/\/www.camado.org.co\/web2\/2020\/09\/08\/fabricas-de-productividad\/\" \/>\n<meta property=\"og:site_name\" content=\"C\u00e1mara de Comercio de Dosquebradas\" \/>\n<meta property=\"article:published_time\" content=\"2020-09-08T16:05:45+00:00\" \/>\n<meta property=\"article:modified_time\" content=\"2021-09-30T21:24:23+00:00\" \/>\n<meta property=\"og:image\" content=\"https:\/\/www.camado.org.co\/web2\/wp-content\/uploads\/2020\/09\/Encabezado.png\" \/>\n\t<meta property=\"og:image:width\" content=\"1042\" \/>\n\t<meta property=\"og:image:height\" content=\"389\" \/>\n\t<meta property=\"og:image:type\" content=\"image\/png\" \/>\n<meta name=\"author\" content=\"adminsis\" \/>\n<meta name=\"twitter:card\" content=\"summary_large_image\" \/>\n<meta name=\"twitter:label1\" content=\"Escrito por\" \/>\n\t<meta name=\"twitter:data1\" content=\"adminsis\" \/>\n\t<meta name=\"twitter:label2\" content=\"Tiempo de lectura\" \/>\n\t<meta name=\"twitter:data2\" content=\"2 minutos\" \/>\n<script type=\"application\/ld+json\" class=\"yoast-schema-graph\">{\"@context\":\"https:\\\/\\\/schema.org\",\"@graph\":[{\"@type\":\"Article\",\"@id\":\"https:\\\/\\\/www.camado.org.co\\\/web2\\\/2020\\\/09\\\/08\\\/fabricas-de-productividad\\\/#article\",\"isPartOf\":{\"@id\":\"https:\\\/\\\/www.camado.org.co\\\/web2\\\/2020\\\/09\\\/08\\\/fabricas-de-productividad\\\/\"},\"author\":{\"name\":\"adminsis\",\"@id\":\"https:\\\/\\\/www.camado.org.co\\\/web2\\\/#\\\/schema\\\/person\\\/8f7ec5e1b44571608031e15604293106\"},\"headline\":\"F\u00e1bricas de productividad\",\"datePublished\":\"2020-09-08T16:05:45+00:00\",\"dateModified\":\"2021-09-30T21:24:23+00:00\",\"mainEntityOfPage\":{\"@id\":\"https:\\\/\\\/www.camado.org.co\\\/web2\\\/2020\\\/09\\\/08\\\/fabricas-de-productividad\\\/\"},\"wordCount\":362,\"commentCount\":0,\"image\":{\"@id\":\"https:\\\/\\\/www.camado.org.co\\\/web2\\\/2020\\\/09\\\/08\\\/fabricas-de-productividad\\\/#primaryimage\"},\"thumbnailUrl\":\"https:\\\/\\\/www.camado.org.co\\\/web2\\\/wp-content\\\/uploads\\\/2020\\\/09\\\/Encabezado.png\",\"inLanguage\":\"es\",\"potentialAction\":[{\"@type\":\"CommentAction\",\"name\":\"Comment\",\"target\":[\"https:\\\/\\\/www.camado.org.co\\\/web2\\\/2020\\\/09\\\/08\\\/fabricas-de-productividad\\\/#respond\"]}]},{\"@type\":\"WebPage\",\"@id\":\"https:\\\/\\\/www.camado.org.co\\\/web2\\\/2020\\\/09\\\/08\\\/fabricas-de-productividad\\\/\",\"url\":\"https:\\\/\\\/www.camado.org.co\\\/web2\\\/2020\\\/09\\\/08\\\/fabricas-de-productividad\\\/\",\"name\":\"F\u00e1bricas de productividad - C\u00e1mara de Comercio de Dosquebradas\",\"isPartOf\":{\"@id\":\"https:\\\/\\\/www.camado.org.co\\\/web2\\\/#website\"},\"primaryImageOfPage\":{\"@id\":\"https:\\\/\\\/www.camado.org.co\\\/web2\\\/2020\\\/09\\\/08\\\/fabricas-de-productividad\\\/#primaryimage\"},\"image\":{\"@id\":\"https:\\\/\\\/www.camado.org.co\\\/web2\\\/2020\\\/09\\\/08\\\/fabricas-de-productividad\\\/#primaryimage\"},\"thumbnailUrl\":\"https:\\\/\\\/www.camado.org.co\\\/web2\\\/wp-content\\\/uploads\\\/2020\\\/09\\\/Encabezado.png\",\"datePublished\":\"2020-09-08T16:05:45+00:00\",\"dateModified\":\"2021-09-30T21:24:23+00:00\",\"author\":{\"@id\":\"https:\\\/\\\/www.camado.org.co\\\/web2\\\/#\\\/schema\\\/person\\\/8f7ec5e1b44571608031e15604293106\"},\"breadcrumb\":{\"@id\":\"https:\\\/\\\/www.camado.org.co\\\/web2\\\/2020\\\/09\\\/08\\\/fabricas-de-productividad\\\/#breadcrumb\"},\"inLanguage\":\"es\",\"potentialAction\":[{\"@type\":\"ReadAction\",\"target\":[\"https:\\\/\\\/www.camado.org.co\\\/web2\\\/2020\\\/09\\\/08\\\/fabricas-de-productividad\\\/\"]}]},{\"@type\":\"ImageObject\",\"inLanguage\":\"es\",\"@id\":\"https:\\\/\\\/www.camado.org.co\\\/web2\\\/2020\\\/09\\\/08\\\/fabricas-de-productividad\\\/#primaryimage\",\"url\":\"https:\\\/\\\/www.camado.org.co\\\/web2\\\/wp-content\\\/uploads\\\/2020\\\/09\\\/Encabezado.png\",\"contentUrl\":\"https:\\\/\\\/www.camado.org.co\\\/web2\\\/wp-content\\\/uploads\\\/2020\\\/09\\\/Encabezado.png\",\"width\":1042,\"height\":389},{\"@type\":\"BreadcrumbList\",\"@id\":\"https:\\\/\\\/www.camado.org.co\\\/web2\\\/2020\\\/09\\\/08\\\/fabricas-de-productividad\\\/#breadcrumb\",\"itemListElement\":[{\"@type\":\"ListItem\",\"position\":1,\"name\":\"Portada\",\"item\":\"https:\\\/\\\/www.camado.org.co\\\/web2\\\/\"},{\"@type\":\"ListItem\",\"position\":2,\"name\":\"F\u00e1bricas de productividad\"}]},{\"@type\":\"WebSite\",\"@id\":\"https:\\\/\\\/www.camado.org.co\\\/web2\\\/#website\",\"url\":\"https:\\\/\\\/www.camado.org.co\\\/web2\\\/\",\"name\":\"C\u00e1mara de Comercio de Dosquebradas\",\"description\":\"Camado\",\"potentialAction\":[{\"@type\":\"SearchAction\",\"target\":{\"@type\":\"EntryPoint\",\"urlTemplate\":\"https:\\\/\\\/www.camado.org.co\\\/web2\\\/?s={search_term_string}\"},\"query-input\":{\"@type\":\"PropertyValueSpecification\",\"valueRequired\":true,\"valueName\":\"search_term_string\"}}],\"inLanguage\":\"es\"},{\"@type\":\"Person\",\"@id\":\"https:\\\/\\\/www.camado.org.co\\\/web2\\\/#\\\/schema\\\/person\\\/8f7ec5e1b44571608031e15604293106\",\"name\":\"adminsis\",\"image\":{\"@type\":\"ImageObject\",\"inLanguage\":\"es\",\"@id\":\"https:\\\/\\\/secure.gravatar.com\\\/avatar\\\/4873c412006fad3f5eb790d0a3719d2244ff43955ce8d70c20c8b41fb16be791?s=96&d=mm&r=g\",\"url\":\"https:\\\/\\\/secure.gravatar.com\\\/avatar\\\/4873c412006fad3f5eb790d0a3719d2244ff43955ce8d70c20c8b41fb16be791?s=96&d=mm&r=g\",\"contentUrl\":\"https:\\\/\\\/secure.gravatar.com\\\/avatar\\\/4873c412006fad3f5eb790d0a3719d2244ff43955ce8d70c20c8b41fb16be791?s=96&d=mm&r=g\",\"caption\":\"adminsis\"},\"url\":\"https:\\\/\\\/www.camado.org.co\\\/web2\\\/author\\\/adminsis\\\/\"}]}<\/script>\n<!-- \/ Yoast SEO plugin. -->","yoast_head_json":{"title":"F\u00e1bricas de productividad - C\u00e1mara de Comercio de Dosquebradas","robots":{"index":"index","follow":"follow","max-snippet":"max-snippet:-1","max-image-preview":"max-image-preview:large","max-video-preview":"max-video-preview:-1"},"canonical":"https:\/\/www.camado.org.co\/web2\/2020\/09\/08\/fabricas-de-productividad\/","og_locale":"es_ES","og_type":"article","og_title":"F\u00e1bricas de productividad - C\u00e1mara de Comercio de Dosquebradas","og_description":"GENERALIDADES DEL PROGRAMA DE FABRICAS DE PRODUCTIVIDAD F\u00e1bricas de Productividad es la apuesta del Gobierno Nacional, liderada por Colombia Productiva y el Ministerio de Comercio Industria y Turismo, con aliados regionales como las C\u00e1maras de Comercio, que busca mejorar la productividad interna de las empresas para que produzcan m\u00e1s y mejor; y generar capacidades en [&hellip;]","og_url":"https:\/\/www.camado.org.co\/web2\/2020\/09\/08\/fabricas-de-productividad\/","og_site_name":"C\u00e1mara de Comercio de Dosquebradas","article_published_time":"2020-09-08T16:05:45+00:00","article_modified_time":"2021-09-30T21:24:23+00:00","og_image":[{"width":1042,"height":389,"url":"https:\/\/www.camado.org.co\/web2\/wp-content\/uploads\/2020\/09\/Encabezado.png","type":"image\/png"}],"author":"adminsis","twitter_card":"summary_large_image","twitter_misc":{"Escrito por":"adminsis","Tiempo de lectura":"2 minutos"},"schema":{"@context":"https:\/\/schema.org","@graph":[{"@type":"Article","@id":"https:\/\/www.camado.org.co\/web2\/2020\/09\/08\/fabricas-de-productividad\/#article","isPartOf":{"@id":"https:\/\/www.camado.org.co\/web2\/2020\/09\/08\/fabricas-de-productividad\/"},"author":{"name":"adminsis","@id":"https:\/\/www.camado.org.co\/web2\/#\/schema\/person\/8f7ec5e1b44571608031e15604293106"},"headline":"F\u00e1bricas de productividad","datePublished":"2020-09-08T16:05:45+00:00","dateModified":"2021-09-30T21:24:23+00:00","mainEntityOfPage":{"@id":"https:\/\/www.camado.org.co\/web2\/2020\/09\/08\/fabricas-de-productividad\/"},"wordCount":362,"commentCount":0,"image":{"@id":"https:\/\/www.camado.org.co\/web2\/2020\/09\/08\/fabricas-de-productividad\/#primaryimage"},"thumbnailUrl":"https:\/\/www.camado.org.co\/web2\/wp-content\/uploads\/2020\/09\/Encabezado.png","inLanguage":"es","potentialAction":[{"@type":"CommentAction","name":"Comment","target":["https:\/\/www.camado.org.co\/web2\/2020\/09\/08\/fabricas-de-productividad\/#respond"]}]},{"@type":"WebPage","@id":"https:\/\/www.camado.org.co\/web2\/2020\/09\/08\/fabricas-de-productividad\/","url":"https:\/\/www.camado.org.co\/web2\/2020\/09\/08\/fabricas-de-productividad\/","name":"F\u00e1bricas de productividad - C\u00e1mara de Comercio de Dosquebradas","isPartOf":{"@id":"https:\/\/www.camado.org.co\/web2\/#website"},"primaryImageOfPage":{"@id":"https:\/\/www.camado.org.co\/web2\/2020\/09\/08\/fabricas-de-productividad\/#primaryimage"},"image":{"@id":"https:\/\/www.camado.org.co\/web2\/2020\/09\/08\/fabricas-de-productividad\/#primaryimage"},"thumbnailUrl":"https:\/\/www.camado.org.co\/web2\/wp-content\/uploads\/2020\/09\/Encabezado.png","datePublished":"2020-09-08T16:05:45+00:00","dateModified":"2021-09-30T21:24:23+00:00","author":{"@id":"https:\/\/www.camado.org.co\/web2\/#\/schema\/person\/8f7ec5e1b44571608031e15604293106"},"breadcrumb":{"@id":"https:\/\/www.camado.org.co\/web2\/2020\/09\/08\/fabricas-de-productividad\/#breadcrumb"},"inLanguage":"es","potentialAction":[{"@type":"ReadAction","target":["https:\/\/www.camado.org.co\/web2\/2020\/09\/08\/fabricas-de-productividad\/"]}]},{"@type":"ImageObject","inLanguage":"es","@id":"https:\/\/www.camado.org.co\/web2\/2020\/09\/08\/fabricas-de-productividad\/#primaryimage","url":"https:\/\/www.camado.org.co\/web2\/wp-content\/uploads\/2020\/09\/Encabezado.png","contentUrl":"https:\/\/www.camado.org.co\/web2\/wp-content\/uploads\/2020\/09\/Encabezado.png","width":1042,"height":389},{"@type":"BreadcrumbList","@id":"https:\/\/www.camado.org.co\/web2\/2020\/09\/08\/fabricas-de-productividad\/#breadcrumb","itemListElement":[{"@type":"ListItem","position":1,"name":"Portada","item":"https:\/\/www.camado.org.co\/web2\/"},{"@type":"ListItem","position":2,"name":"F\u00e1bricas de productividad"}]},{"@type":"WebSite","@id":"https:\/\/www.camado.org.co\/web2\/#website","url":"https:\/\/www.camado.org.co\/web2\/","name":"C\u00e1mara de Comercio de Dosquebradas","description":"Camado","potentialAction":[{"@type":"SearchAction","target":{"@type":"EntryPoint","urlTemplate":"https:\/\/www.camado.org.co\/web2\/?s={search_term_string}"},"query-input":{"@type":"PropertyValueSpecification","valueRequired":true,"valueName":"search_term_string"}}],"inLanguage":"es"},{"@type":"Person","@id":"https:\/\/www.camado.org.co\/web2\/#\/schema\/person\/8f7ec5e1b44571608031e15604293106","name":"adminsis","image":{"@type":"ImageObject","inLanguage":"es","@id":"https:\/\/secure.gravatar.com\/avatar\/4873c412006fad3f5eb790d0a3719d2244ff43955ce8d70c20c8b41fb16be791?s=96&d=mm&r=g","url":"https:\/\/secure.gravatar.com\/avatar\/4873c412006fad3f5eb790d0a3719d2244ff43955ce8d70c20c8b41fb16be791?s=96&d=mm&r=g","contentUrl":"https:\/\/secure.gravatar.com\/avatar\/4873c412006fad3f5eb790d0a3719d2244ff43955ce8d70c20c8b41fb16be791?s=96&d=mm&r=g","caption":"adminsis"},"url":"https:\/\/www.camado.org.co\/web2\/author\/adminsis\/"}]}},"_links":{"self":[{"href":"https:\/\/www.camado.org.co\/web2\/wp-json\/wp\/v2\/posts\/2526","targetHints":{"allow":["GET"]}}],"collection":[{"href":"https:\/\/www.camado.org.co\/web2\/wp-json\/wp\/v2\/posts"}],"about":[{"href":"https:\/\/www.camado.org.co\/web2\/wp-json\/wp\/v2\/types\/post"}],"author":[{"embeddable":true,"href":"https:\/\/www.camado.org.co\/web2\/wp-json\/wp\/v2\/users\/1"}],"replies":[{"embeddable":true,"href":"https:\/\/www.camado.org.co\/web2\/wp-json\/wp\/v2\/comments?post=2526"}],"version-history":[{"count":18,"href":"https:\/\/www.camado.org.co\/web2\/wp-json\/wp\/v2\/posts\/2526\/revisions"}],"predecessor-version":[{"id":4148,"href":"https:\/\/www.camado.org.co\/web2\/wp-json\/wp\/v2\/posts\/2526\/revisions\/4148"}],"wp:featuredmedia":[{"embeddable":true,"href":"https:\/\/www.camado.org.co\/web2\/wp-json\/wp\/v2\/media\/2549"}],"wp:attachment":[{"href":"https:\/\/www.camado.org.co\/web2\/wp-json\/wp\/v2\/media?parent=2526"}],"wp:term":[{"taxonomy":"category","embeddable":true,"href":"https:\/\/www.camado.org.co\/web2\/wp-json\/wp\/v2\/categories?post=2526"},{"taxonomy":"post_tag","embeddable":true,"href":"https:\/\/www.camado.org.co\/web2\/wp-json\/wp\/v2\/tags?post=2526"}],"curies":[{"name":"wp","href":"https:\/\/api.w.org\/{rel}","templated":true}]}}