{"id":269,"date":"2019-11-18T01:49:37","date_gmt":"2019-11-18T01:49:37","guid":{"rendered":"http:\/\/www.camado.org.co\/web2\/?p=269"},"modified":"2019-11-18T01:49:41","modified_gmt":"2019-11-18T01:49:41","slug":"registro-ong-extranjera","status":"publish","type":"post","link":"https:\/\/www.camado.org.co\/web2\/2019\/11\/18\/registro-ong-extranjera\/","title":{"rendered":"Registro ONG Extranjera"},"content":{"rendered":"\n<p>Registro de Apoderados Judiciales de Entidades Extranjeras de Derecho Privado sin \u00c1nimo de Lucro<\/p>\n\n\n\n<p>Representaci\u00f3n de personas jur\u00eddicas extranjeras y organizaciones no gubernamentales sin \u00e1nimo de lucro.<\/p>\n\n\n\n<p>Art\u00edculo 48 C\u00f3digo de Procedimiento Civil: \u201cRepresentaci\u00f3n de personas jur\u00eddicas extranjeras y organizaciones no gubernamentales sin \u00e1nimo de lucro. Las personas Jur\u00eddicas extranjeras de derecho privado y las organizaciones no gubernamentales extranjeras sin \u00e1nimo de lucro, con domicilio en el exterior, que establezcan negocios permanentes o deseen desarrollar su objeto social en Colombia, deber\u00e1n constituir en el lugar donde tengan tales negocios, o en el lugar de su domicilio principal en el pa\u00eds, apoderados con capacidad para representarlas judicialmente. Con tal fin se protocolizar\u00e1 en la Notar\u00eda del respectivo circuito, prueba id\u00f3nea de la existencia y representaci\u00f3n de dichas personas jur\u00eddicas y del correspondiente poder. Un extracto de los documentos protocolizados se inscribir\u00e1 en el registro de la respectiva C\u00e1mara de Comercio del lugar.<\/p>\n\n\n\n<p>Las personas jur\u00eddicas extranjeras que no tengan negocios permanentes en Colombia, estar\u00e1n representadas en los procesos por el apoderado que constituyan con las formalidades previstas en este C\u00f3digo.\u00bb<\/p>\n\n\n\n<p>Registro de Apoderados judiciales personas jur\u00eddicas extranjeras de derecho privado y a las Organizaciones No Gubernamentales (ONG) extranjeras sin \u00e1nimo de lucro, con domicilio en el exterior<\/p>\n\n\n\n<p>En este registro se inscribe la designaci\u00f3n de apoderados con capacidad de representarlas judicialmente a las personas jur\u00eddicas extranjeras de derecho privado y a las Organizaciones No Gubernamentales (ONG) extranjeras sin \u00e1nimo de lucro, con domicilio en el exterior, que establezcan negocios permanentes o deseen desarrollar su objeto social en Colombia.<\/p>\n\n\n\n<p><strong>Tr\u00e1mites relacionados con \u00e9ste Registro:<\/strong><\/p>\n\n\n\n<ul class=\"wp-block-list\"><li>Inscripci\u00f3n de los apoderados con&nbsp; facultades para representar judicialmente a una entidad sin \u00e1nimo de lucro extranjera y ONG que establezca negocios permanentes en Colombia.<\/li><li>Cancelaci\u00f3n o revocatoria de la designaci\u00f3n de los apoderados con facultades para representar judicialmente a una entidad sin \u00e1nimo de lucro extranjera u ONG que establezca negocios permanentes en Colombia.<\/li><li>Modificaci\u00f3n de las facultades otorgadas a los apoderados.<\/li><li>Renovaci\u00f3n anual de la inscripci\u00f3n la cual se llevar\u00e1 a cabo dentro de los tres (3) primeros meses.<\/li><li>Actos que exijan su inscripci\u00f3n seg\u00fan la Ley<\/li><li>Procedimiento de Inscripci\u00f3n en las C\u00e1maras de Comercio<\/li><\/ul>\n","protected":false},"excerpt":{"rendered":"<p>Registro de Apoderados Judiciales de Entidades Extranjeras de Derecho Privado sin \u00c1nimo de Lucro Representaci\u00f3n de personas jur\u00eddicas extranjeras y organizaciones no gubernamentales sin \u00e1nimo de lucro. Art\u00edculo 48 C\u00f3digo de Procedimiento Civil: \u201cRepresentaci\u00f3n de personas jur\u00eddicas extranjeras y organizaciones no gubernamentales sin \u00e1nimo de lucro. Las personas Jur\u00eddicas extranjeras de derecho privado y las [&hellip;]<\/p>\n","protected":false},"author":1,"featured_media":0,"comment_status":"open","ping_status":"open","sticky":false,"template":"","format":"standard","meta":{"ngg_post_thumbnail":0,"footnotes":""},"categories":[39],"tags":[],"class_list":{"0":"post-269","1":"post","2":"type-post","3":"status-publish","4":"format-standard","6":"category-registros"},"yoast_head":"<!-- This site is optimized with the Yoast SEO plugin v27.5 - https:\/\/yoast.com\/product\/yoast-seo-wordpress\/ -->\n<title>Registro ONG Extranjera - C\u00e1mara de Comercio de Dosquebradas<\/title>\n<meta name=\"robots\" content=\"index, follow, max-snippet:-1, max-image-preview:large, max-video-preview:-1\" \/>\n<link rel=\"canonical\" href=\"https:\/\/www.camado.org.co\/web2\/2019\/11\/18\/registro-ong-extranjera\/\" \/>\n<meta property=\"og:locale\" content=\"es_ES\" \/>\n<meta property=\"og:type\" content=\"article\" \/>\n<meta property=\"og:title\" content=\"Registro ONG Extranjera - C\u00e1mara de Comercio de Dosquebradas\" \/>\n<meta property=\"og:description\" content=\"Registro de Apoderados Judiciales de Entidades Extranjeras de Derecho Privado sin \u00c1nimo de Lucro Representaci\u00f3n de personas jur\u00eddicas extranjeras y organizaciones no gubernamentales sin \u00e1nimo de lucro. Art\u00edculo 48 C\u00f3digo de Procedimiento Civil: \u201cRepresentaci\u00f3n de personas jur\u00eddicas extranjeras y organizaciones no gubernamentales sin \u00e1nimo de lucro. Las personas Jur\u00eddicas extranjeras de derecho privado y las [&hellip;]\" \/>\n<meta property=\"og:url\" content=\"https:\/\/www.camado.org.co\/web2\/2019\/11\/18\/registro-ong-extranjera\/\" \/>\n<meta property=\"og:site_name\" content=\"C\u00e1mara de Comercio de Dosquebradas\" \/>\n<meta property=\"article:published_time\" content=\"2019-11-18T01:49:37+00:00\" \/>\n<meta property=\"article:modified_time\" content=\"2019-11-18T01:49:41+00:00\" \/>\n<meta name=\"author\" content=\"adminsis\" \/>\n<meta name=\"twitter:card\" content=\"summary_large_image\" \/>\n<meta name=\"twitter:label1\" content=\"Escrito por\" \/>\n\t<meta name=\"twitter:data1\" content=\"adminsis\" \/>\n\t<meta name=\"twitter:label2\" content=\"Tiempo de lectura\" \/>\n\t<meta name=\"twitter:data2\" content=\"2 minutos\" \/>\n<script type=\"application\/ld+json\" class=\"yoast-schema-graph\">{\"@context\":\"https:\\\/\\\/schema.org\",\"@graph\":[{\"@type\":\"Article\",\"@id\":\"https:\\\/\\\/www.camado.org.co\\\/web2\\\/2019\\\/11\\\/18\\\/registro-ong-extranjera\\\/#article\",\"isPartOf\":{\"@id\":\"https:\\\/\\\/www.camado.org.co\\\/web2\\\/2019\\\/11\\\/18\\\/registro-ong-extranjera\\\/\"},\"author\":{\"name\":\"adminsis\",\"@id\":\"https:\\\/\\\/www.camado.org.co\\\/web2\\\/#\\\/schema\\\/person\\\/8f7ec5e1b44571608031e15604293106\"},\"headline\":\"Registro ONG Extranjera\",\"datePublished\":\"2019-11-18T01:49:37+00:00\",\"dateModified\":\"2019-11-18T01:49:41+00:00\",\"mainEntityOfPage\":{\"@id\":\"https:\\\/\\\/www.camado.org.co\\\/web2\\\/2019\\\/11\\\/18\\\/registro-ong-extranjera\\\/\"},\"wordCount\":392,\"commentCount\":0,\"articleSection\":[\"Registros\"],\"inLanguage\":\"es\",\"potentialAction\":[{\"@type\":\"CommentAction\",\"name\":\"Comment\",\"target\":[\"https:\\\/\\\/www.camado.org.co\\\/web2\\\/2019\\\/11\\\/18\\\/registro-ong-extranjera\\\/#respond\"]}]},{\"@type\":\"WebPage\",\"@id\":\"https:\\\/\\\/www.camado.org.co\\\/web2\\\/2019\\\/11\\\/18\\\/registro-ong-extranjera\\\/\",\"url\":\"https:\\\/\\\/www.camado.org.co\\\/web2\\\/2019\\\/11\\\/18\\\/registro-ong-extranjera\\\/\",\"name\":\"Registro ONG Extranjera - C\u00e1mara de Comercio de Dosquebradas\",\"isPartOf\":{\"@id\":\"https:\\\/\\\/www.camado.org.co\\\/web2\\\/#website\"},\"datePublished\":\"2019-11-18T01:49:37+00:00\",\"dateModified\":\"2019-11-18T01:49:41+00:00\",\"author\":{\"@id\":\"https:\\\/\\\/www.camado.org.co\\\/web2\\\/#\\\/schema\\\/person\\\/8f7ec5e1b44571608031e15604293106\"},\"breadcrumb\":{\"@id\":\"https:\\\/\\\/www.camado.org.co\\\/web2\\\/2019\\\/11\\\/18\\\/registro-ong-extranjera\\\/#breadcrumb\"},\"inLanguage\":\"es\",\"potentialAction\":[{\"@type\":\"ReadAction\",\"target\":[\"https:\\\/\\\/www.camado.org.co\\\/web2\\\/2019\\\/11\\\/18\\\/registro-ong-extranjera\\\/\"]}]},{\"@type\":\"BreadcrumbList\",\"@id\":\"https:\\\/\\\/www.camado.org.co\\\/web2\\\/2019\\\/11\\\/18\\\/registro-ong-extranjera\\\/#breadcrumb\",\"itemListElement\":[{\"@type\":\"ListItem\",\"position\":1,\"name\":\"Portada\",\"item\":\"https:\\\/\\\/www.camado.org.co\\\/web2\\\/\"},{\"@type\":\"ListItem\",\"position\":2,\"name\":\"Registro ONG Extranjera\"}]},{\"@type\":\"WebSite\",\"@id\":\"https:\\\/\\\/www.camado.org.co\\\/web2\\\/#website\",\"url\":\"https:\\\/\\\/www.camado.org.co\\\/web2\\\/\",\"name\":\"C\u00e1mara de Comercio de Dosquebradas\",\"description\":\"Camado\",\"potentialAction\":[{\"@type\":\"SearchAction\",\"target\":{\"@type\":\"EntryPoint\",\"urlTemplate\":\"https:\\\/\\\/www.camado.org.co\\\/web2\\\/?s={search_term_string}\"},\"query-input\":{\"@type\":\"PropertyValueSpecification\",\"valueRequired\":true,\"valueName\":\"search_term_string\"}}],\"inLanguage\":\"es\"},{\"@type\":\"Person\",\"@id\":\"https:\\\/\\\/www.camado.org.co\\\/web2\\\/#\\\/schema\\\/person\\\/8f7ec5e1b44571608031e15604293106\",\"name\":\"adminsis\",\"image\":{\"@type\":\"ImageObject\",\"inLanguage\":\"es\",\"@id\":\"https:\\\/\\\/secure.gravatar.com\\\/avatar\\\/4873c412006fad3f5eb790d0a3719d2244ff43955ce8d70c20c8b41fb16be791?s=96&d=mm&r=g\",\"url\":\"https:\\\/\\\/secure.gravatar.com\\\/avatar\\\/4873c412006fad3f5eb790d0a3719d2244ff43955ce8d70c20c8b41fb16be791?s=96&d=mm&r=g\",\"contentUrl\":\"https:\\\/\\\/secure.gravatar.com\\\/avatar\\\/4873c412006fad3f5eb790d0a3719d2244ff43955ce8d70c20c8b41fb16be791?s=96&d=mm&r=g\",\"caption\":\"adminsis\"},\"url\":\"https:\\\/\\\/www.camado.org.co\\\/web2\\\/author\\\/adminsis\\\/\"}]}<\/script>\n<!-- \/ Yoast SEO plugin. -->","yoast_head_json":{"title":"Registro ONG Extranjera - C\u00e1mara de Comercio de Dosquebradas","robots":{"index":"index","follow":"follow","max-snippet":"max-snippet:-1","max-image-preview":"max-image-preview:large","max-video-preview":"max-video-preview:-1"},"canonical":"https:\/\/www.camado.org.co\/web2\/2019\/11\/18\/registro-ong-extranjera\/","og_locale":"es_ES","og_type":"article","og_title":"Registro ONG Extranjera - C\u00e1mara de Comercio de Dosquebradas","og_description":"Registro de Apoderados Judiciales de Entidades Extranjeras de Derecho Privado sin \u00c1nimo de Lucro Representaci\u00f3n de personas jur\u00eddicas extranjeras y organizaciones no gubernamentales sin \u00e1nimo de lucro. Art\u00edculo 48 C\u00f3digo de Procedimiento Civil: \u201cRepresentaci\u00f3n de personas jur\u00eddicas extranjeras y organizaciones no gubernamentales sin \u00e1nimo de lucro. Las personas Jur\u00eddicas extranjeras de derecho privado y las [&hellip;]","og_url":"https:\/\/www.camado.org.co\/web2\/2019\/11\/18\/registro-ong-extranjera\/","og_site_name":"C\u00e1mara de Comercio de Dosquebradas","article_published_time":"2019-11-18T01:49:37+00:00","article_modified_time":"2019-11-18T01:49:41+00:00","author":"adminsis","twitter_card":"summary_large_image","twitter_misc":{"Escrito por":"adminsis","Tiempo de lectura":"2 minutos"},"schema":{"@context":"https:\/\/schema.org","@graph":[{"@type":"Article","@id":"https:\/\/www.camado.org.co\/web2\/2019\/11\/18\/registro-ong-extranjera\/#article","isPartOf":{"@id":"https:\/\/www.camado.org.co\/web2\/2019\/11\/18\/registro-ong-extranjera\/"},"author":{"name":"adminsis","@id":"https:\/\/www.camado.org.co\/web2\/#\/schema\/person\/8f7ec5e1b44571608031e15604293106"},"headline":"Registro ONG Extranjera","datePublished":"2019-11-18T01:49:37+00:00","dateModified":"2019-11-18T01:49:41+00:00","mainEntityOfPage":{"@id":"https:\/\/www.camado.org.co\/web2\/2019\/11\/18\/registro-ong-extranjera\/"},"wordCount":392,"commentCount":0,"articleSection":["Registros"],"inLanguage":"es","potentialAction":[{"@type":"CommentAction","name":"Comment","target":["https:\/\/www.camado.org.co\/web2\/2019\/11\/18\/registro-ong-extranjera\/#respond"]}]},{"@type":"WebPage","@id":"https:\/\/www.camado.org.co\/web2\/2019\/11\/18\/registro-ong-extranjera\/","url":"https:\/\/www.camado.org.co\/web2\/2019\/11\/18\/registro-ong-extranjera\/","name":"Registro ONG Extranjera - C\u00e1mara de Comercio de Dosquebradas","isPartOf":{"@id":"https:\/\/www.camado.org.co\/web2\/#website"},"datePublished":"2019-11-18T01:49:37+00:00","dateModified":"2019-11-18T01:49:41+00:00","author":{"@id":"https:\/\/www.camado.org.co\/web2\/#\/schema\/person\/8f7ec5e1b44571608031e15604293106"},"breadcrumb":{"@id":"https:\/\/www.camado.org.co\/web2\/2019\/11\/18\/registro-ong-extranjera\/#breadcrumb"},"inLanguage":"es","potentialAction":[{"@type":"ReadAction","target":["https:\/\/www.camado.org.co\/web2\/2019\/11\/18\/registro-ong-extranjera\/"]}]},{"@type":"BreadcrumbList","@id":"https:\/\/www.camado.org.co\/web2\/2019\/11\/18\/registro-ong-extranjera\/#breadcrumb","itemListElement":[{"@type":"ListItem","position":1,"name":"Portada","item":"https:\/\/www.camado.org.co\/web2\/"},{"@type":"ListItem","position":2,"name":"Registro ONG Extranjera"}]},{"@type":"WebSite","@id":"https:\/\/www.camado.org.co\/web2\/#website","url":"https:\/\/www.camado.org.co\/web2\/","name":"C\u00e1mara de Comercio de Dosquebradas","description":"Camado","potentialAction":[{"@type":"SearchAction","target":{"@type":"EntryPoint","urlTemplate":"https:\/\/www.camado.org.co\/web2\/?s={search_term_string}"},"query-input":{"@type":"PropertyValueSpecification","valueRequired":true,"valueName":"search_term_string"}}],"inLanguage":"es"},{"@type":"Person","@id":"https:\/\/www.camado.org.co\/web2\/#\/schema\/person\/8f7ec5e1b44571608031e15604293106","name":"adminsis","image":{"@type":"ImageObject","inLanguage":"es","@id":"https:\/\/secure.gravatar.com\/avatar\/4873c412006fad3f5eb790d0a3719d2244ff43955ce8d70c20c8b41fb16be791?s=96&d=mm&r=g","url":"https:\/\/secure.gravatar.com\/avatar\/4873c412006fad3f5eb790d0a3719d2244ff43955ce8d70c20c8b41fb16be791?s=96&d=mm&r=g","contentUrl":"https:\/\/secure.gravatar.com\/avatar\/4873c412006fad3f5eb790d0a3719d2244ff43955ce8d70c20c8b41fb16be791?s=96&d=mm&r=g","caption":"adminsis"},"url":"https:\/\/www.camado.org.co\/web2\/author\/adminsis\/"}]}},"_links":{"self":[{"href":"https:\/\/www.camado.org.co\/web2\/wp-json\/wp\/v2\/posts\/269","targetHints":{"allow":["GET"]}}],"collection":[{"href":"https:\/\/www.camado.org.co\/web2\/wp-json\/wp\/v2\/posts"}],"about":[{"href":"https:\/\/www.camado.org.co\/web2\/wp-json\/wp\/v2\/types\/post"}],"author":[{"embeddable":true,"href":"https:\/\/www.camado.org.co\/web2\/wp-json\/wp\/v2\/users\/1"}],"replies":[{"embeddable":true,"href":"https:\/\/www.camado.org.co\/web2\/wp-json\/wp\/v2\/comments?post=269"}],"version-history":[{"count":1,"href":"https:\/\/www.camado.org.co\/web2\/wp-json\/wp\/v2\/posts\/269\/revisions"}],"predecessor-version":[{"id":270,"href":"https:\/\/www.camado.org.co\/web2\/wp-json\/wp\/v2\/posts\/269\/revisions\/270"}],"wp:attachment":[{"href":"https:\/\/www.camado.org.co\/web2\/wp-json\/wp\/v2\/media?parent=269"}],"wp:term":[{"taxonomy":"category","embeddable":true,"href":"https:\/\/www.camado.org.co\/web2\/wp-json\/wp\/v2\/categories?post=269"},{"taxonomy":"post_tag","embeddable":true,"href":"https:\/\/www.camado.org.co\/web2\/wp-json\/wp\/v2\/tags?post=269"}],"curies":[{"name":"wp","href":"https:\/\/api.w.org\/{rel}","templated":true}]}}