{"id":315,"date":"2019-11-18T03:13:15","date_gmt":"2019-11-18T03:13:15","guid":{"rendered":"http:\/\/www.camado.org.co\/web2\/?p=315"},"modified":"2024-07-22T21:09:57","modified_gmt":"2024-07-22T21:09:57","slug":"transparencia","status":"publish","type":"post","link":"https:\/\/www.camado.org.co\/web2\/2019\/11\/18\/transparencia\/","title":{"rendered":"Transparencia"},"content":{"rendered":"\n<div class=\"wp-block-columns is-layout-flex wp-container-core-columns-is-layout-9d6595d7 wp-block-columns-is-layout-flex\">\n<div class=\"wp-block-column is-layout-flow wp-block-column-is-layout-flow\">\n<h3 class=\"wp-block-heading\"><strong>Estructura Organica<\/strong><\/h3>\n\n\n\n<ul class=\"wp-block-list\"><li>Misi\u00f3n y Visi\u00f3n <a href=\"http:\/\/www.camado.org.co\/web2\/2019\/11\/17\/quienes-somos\/\">>><\/a><\/li><li>Pol\u00edtica de calidad <a href=\"http:\/\/www.camado.org.co\/web2\/2019\/11\/17\/politica-de-calidad\/\">>><\/a><\/li><li>Sedes, \u00e1reas y horarios de atenci\u00f3n <a href=\"http:\/\/www.camado.org.co\/web2\/2019\/11\/17\/sedes-areas-y-horario-de-atencion\/\">>><\/a><\/li><li>Funciones y deberes <a href=\"http:\/\/www.camado.org.co\/web2\/2019\/11\/17\/funciones-y-deberes\/\">>><\/a><\/li><li>Organigrama <a href=\"http:\/\/www.camado.org.co\/web2\/2019\/11\/17\/organigrama\/\">>><\/a><\/li><li>Directorio de empleados <a href=\"http:\/\/www.camado.org.co\/web2\/empleados\">>><\/a><\/li><li>Directorio de Contratistas >><\/li><li>Escala salarial <a href=\"https:\/\/www.camado.org.co\/web2\/wp-content\/uploads\/2024\/07\/ESCALA-SALARIAL-2024.pdf\">>><\/a><\/li><\/ul>\n<\/div>\n\n\n\n<div class=\"wp-block-column is-layout-flow wp-block-column-is-layout-flow\">\n<h3 class=\"wp-block-heading\"><strong>Instrumentos para la Gesti\u00f3n de la Transparencia<\/strong><\/h3>\n\n\n\n<ul class=\"wp-block-list\"><li>Tabla de Retenci\u00f3n Documental <a href=\"http:\/\/www.camado.org.co\/web2\/download\/registro-de-activo-de-la-informacion\/\">&gt;&gt;<\/a><\/li><li>Resoluci\u00f3n de Costos <a href=\"http:\/\/www.camado.org.co\/web2\/download\/resolucion-de-costos\/\">&gt;&gt;<\/a><\/li><li>Registro de Activo de Informaci\u00f3n <a href=\"http:\/\/www.camado.org.co\/web2\/2019\/11\/17\/sedes-areas-y-horario-de-atencion\/\">&gt;&gt;<\/a><\/li><li>Programa de Gesti\u00f3n Documental <a href=\"http:\/\/www.camado.org.co\/web2\/2019\/11\/17\/funciones-y-deberes\/\">&gt;<\/a><a href=\"http:\/\/www.camado.org.co\/web2\/download\/programa-de-gestion-documental\/\">&gt;<\/a><\/li><li>Esquema de Publicaci\u00f3n de la Informaci\u00f3n <a href=\"http:\/\/www.camado.org.co\/web2\/download\/esquema-de-publicacion-de-la-informacion\/\">&gt;&gt;<\/a><\/li><li>Cuadro de Clasificaci\u00f3n Documental <a href=\"http:\/\/www.camado.org.co\/web2\/download\/cuadro-de-clasificacion-documental\/\">&gt;&gt;<\/a><\/li><li>C\u00f3digo de Dependencias <a href=\"http:\/\/www.camado.org.co\/web2\/download\/codigo-de-dependencias\/\">&gt;&gt;<\/a><\/li><\/ul>\n<\/div>\n<\/div>\n\n\n\n<div class=\"wp-block-columns is-layout-flex wp-container-core-columns-is-layout-9d6595d7 wp-block-columns-is-layout-flex\">\n<div class=\"wp-block-column is-layout-flow wp-block-column-is-layout-flow\">\n<h3 class=\"wp-block-heading\"><strong>Transparencia Activa<\/strong><\/h3>\n\n\n\n<h4 class=\"wp-block-heading\"><strong>Informaci\u00f3n de car\u00e1cter contractual<\/strong><\/h4>\n\n\n\n<ul class=\"wp-block-list\"><li>Plazos de Cumplimiento Trimestre 3 &#8211; 2016 <a href=\"http:\/\/www.camado.org.co\/web2\/download\/plazos-de-cumplimiento-trimeste-3-2016\/\">&gt;&gt;<\/a><\/li><li> Plazos de Cumplimiento Trimestre 4 &#8211; 2017 <a href=\"http:\/\/www.camado.org.co\/web2\/download\/plazos-de-cumplimiento-trimeste-4-2016\/\">&gt;&gt;<\/a> <\/li><li> Plazos de Cumplimiento Trimestre 1 &#8211; 2017 <a href=\"http:\/\/www.camado.org.co\/web2\/download\/plazos-de-cumplimiento-trimeste-1-2017\/\">&gt;&gt;<\/a> <\/li><li> Plazos de Cumplimiento Trimestre 2 &#8211; 2017 <a href=\"http:\/\/www.camado.org.co\/web2\/download\/plazos-de-cumplimiento-trimeste-2-2017\/\">&gt;&gt;<\/a><\/li><li> Plazos de Cumplimiento Trimestre 1 &#8211; 2018 <a href=\"http:\/\/www.camado.org.co\/web2\/download\/plazos-de-cumplimiento-trimeste-1-2018\/\">&gt;&gt;<\/a><\/li><li> Plazos de Cumplimiento Trimestre 2 &#8211; 2018 <a href=\"http:\/\/www.camado.org.co\/web2\/download\/plazos-de-cumplimiento-trimeste-2-2018-2\/\">&gt;&gt;<\/a><\/li><li> Plazos de Cumplimiento Trimestre 3 &#8211; 2018 <a href=\"http:\/\/www.camado.org.co\/web2\/download\/plazos-de-cumplimiento-trimeste-3-2018\/\">&gt;&gt;<\/a><\/li><li> Plazos de Cumplimiento Trimestre 4 &#8211; 2018 <a href=\"http:\/\/www.camado.org.co\/web2\/download\/plazos-de-cumplimiento-trimeste-4-2018\/\">&gt;&gt;<\/a><\/li><li> Plazos de Cumplimiento Trimestre 1 &#8211; 2019 <a href=\"http:\/\/www.camado.org.co\/web2\/download\/plazos-de-cumplimiento-trimeste-1-2019\/\">&gt;&gt;<\/a><\/li><li> Plazos de Cumplimiento Trimestre 2 &#8211; 2019 <a href=\"http:\/\/www.camado.org.co\/web2\/download\/plazos-de-cumplimiento-trimeste-2-2019\/\">&gt;&gt;<\/a>    <\/li><li>Colombia Compra Eficiente <a href=\"http:\/\/www.camado.org.co\/web2\/download\/colombia-compra-eficiente\/\">&gt;&gt;<\/a> <\/li><\/ul>\n\n\n\n<h4 class=\"wp-block-heading\"><strong>Informaci\u00f3n de car\u00e1cter Funcional<\/strong><\/h4>\n\n\n\n<ul class=\"wp-block-list\"><li>Documentos Publicados <a href=\"http:\/\/www.camado.org.co\/web2\/2020\/01\/09\/documentos-publicados\/\">&gt;&gt;<\/a><\/li><li>Informaci\u00f3n de Gesti\u00f3n, Evaluaci\u00f3n y Auditoria <a href=\"http:\/\/www.camado.org.co\/web2\/2020\/01\/09\/informes-de-gestion-evaluacion-y-auditoria\/\">&gt;&gt;<\/a><\/li><li>Normatividad <a href=\"http:\/\/www.camado.org.co\/web2\/2020\/01\/09\/normatividad-2\/\">&gt;&gt;<\/a><\/li><li>Servicios, Tramites y Consultas <a href=\"http:\/\/www.camado.org.co\/web2\/2020\/01\/09\/servicios-tramites-y-consultas\/\">&gt;&gt;<\/a><\/li><li>Solicitudes <a href=\"http:\/\/www.camado.org.co\/web2\/2020\/01\/09\/solicitudes\/\">&gt;&gt;<\/a><\/li><li>Supervisi\u00f3n, Control y Vigilancia <a href=\"http:\/\/www.camado.org.co\/web2\/2020\/01\/09\/supervision-control-y-vigilancia\/\">&gt;&gt;<\/a><\/li><\/ul>\n\n\n\n<h4 class=\"wp-block-heading\"><strong>Informaci\u00f3n m\u00ednima de car\u00e1cter Estructural <\/strong><\/h4>\n\n\n\n<ul class=\"wp-block-list\"><li>Informes e Indicadores <a href=\"http:\/\/www.camado.org.co\/web2\/2020\/01\/09\/informes-e-indicadores\/\">&gt;&gt;<\/a><\/li><li>Manual, Procedimientos y Lineamientos <a href=\"http:\/\/www.camado.org.co\/web2\/2020\/01\/09\/manual-procedimientos-y-lineamientos\/\">&gt;&gt;<\/a><\/li><li>Pol\u00edticas y Lineamientos <a href=\"http:\/\/www.camado.org.co\/web2\/2020\/01\/09\/politicas-y-lineamientos\/\">&gt;&gt;<\/a><\/li><li>Presupuesto <a href=\"http:\/\/www.camado.org.co\/web2\/2020\/01\/09\/presupuesto\/\">&gt;&gt;<\/a><\/li><\/ul>\n<\/div>\n\n\n\n<div class=\"wp-block-column is-layout-flow wp-block-column-is-layout-flow\">\n<h3 class=\"wp-block-heading\"><strong>Transparencia Pasiva<\/strong><\/h3>\n\n\n\n<ul class=\"wp-block-list\"><li>Formatos de Solicitudes &gt;&gt;<\/li><li>Costo de Reproducci\u00f3n &gt;&gt;<\/li><\/ul>\n<\/div>\n<\/div>\n\n\n\n<p><\/p>\n","protected":false},"excerpt":{"rendered":"<p>Estructura Organica Misi\u00f3n y Visi\u00f3n >> Pol\u00edtica de calidad >> Sedes, \u00e1reas y horarios de atenci\u00f3n >> Funciones y deberes >> Organigrama >> Directorio de empleados >> Directorio de Contratistas >> Escala salarial >> Instrumentos para la Gesti\u00f3n de la Transparencia Tabla de Retenci\u00f3n Documental &gt;&gt; Resoluci\u00f3n de Costos &gt;&gt; Registro de Activo de Informaci\u00f3n [&hellip;]<\/p>\n","protected":false},"author":1,"featured_media":0,"comment_status":"open","ping_status":"open","sticky":false,"template":"","format":"standard","meta":{"ngg_post_thumbnail":0,"footnotes":""},"categories":[1],"tags":[],"class_list":{"0":"post-315","1":"post","2":"type-post","3":"status-publish","4":"format-standard","6":"category-sin-categoria"},"yoast_head":"<!-- This site is optimized with the Yoast SEO plugin v27.5 - https:\/\/yoast.com\/product\/yoast-seo-wordpress\/ -->\n<title>Transparencia - C\u00e1mara de Comercio de Dosquebradas<\/title>\n<meta name=\"robots\" content=\"index, follow, max-snippet:-1, max-image-preview:large, max-video-preview:-1\" \/>\n<link rel=\"canonical\" href=\"https:\/\/www.camado.org.co\/web2\/2019\/11\/18\/transparencia\/\" \/>\n<meta property=\"og:locale\" content=\"es_ES\" \/>\n<meta property=\"og:type\" content=\"article\" \/>\n<meta property=\"og:title\" content=\"Transparencia - C\u00e1mara de Comercio de Dosquebradas\" \/>\n<meta property=\"og:description\" content=\"Estructura Organica Misi\u00f3n y Visi\u00f3n &gt;&gt; Pol\u00edtica de calidad &gt;&gt; Sedes, \u00e1reas y horarios de atenci\u00f3n &gt;&gt; Funciones y deberes &gt;&gt; Organigrama &gt;&gt; Directorio de empleados &gt;&gt; Directorio de Contratistas &gt;&gt; Escala salarial &gt;&gt; Instrumentos para la Gesti\u00f3n de la Transparencia Tabla de Retenci\u00f3n Documental &gt;&gt; Resoluci\u00f3n de Costos &gt;&gt; Registro de Activo de Informaci\u00f3n [&hellip;]\" \/>\n<meta property=\"og:url\" content=\"https:\/\/www.camado.org.co\/web2\/2019\/11\/18\/transparencia\/\" \/>\n<meta property=\"og:site_name\" content=\"C\u00e1mara de Comercio de Dosquebradas\" \/>\n<meta property=\"article:published_time\" content=\"2019-11-18T03:13:15+00:00\" \/>\n<meta property=\"article:modified_time\" content=\"2024-07-22T21:09:57+00:00\" \/>\n<meta name=\"author\" content=\"adminsis\" \/>\n<meta name=\"twitter:card\" content=\"summary_large_image\" \/>\n<meta name=\"twitter:label1\" content=\"Escrito por\" \/>\n\t<meta name=\"twitter:data1\" content=\"adminsis\" \/>\n\t<meta name=\"twitter:label2\" content=\"Tiempo de lectura\" \/>\n\t<meta name=\"twitter:data2\" content=\"1 minuto\" \/>\n<script type=\"application\/ld+json\" class=\"yoast-schema-graph\">{\"@context\":\"https:\\\/\\\/schema.org\",\"@graph\":[{\"@type\":\"Article\",\"@id\":\"https:\\\/\\\/www.camado.org.co\\\/web2\\\/2019\\\/11\\\/18\\\/transparencia\\\/#article\",\"isPartOf\":{\"@id\":\"https:\\\/\\\/www.camado.org.co\\\/web2\\\/2019\\\/11\\\/18\\\/transparencia\\\/\"},\"author\":{\"name\":\"adminsis\",\"@id\":\"https:\\\/\\\/www.camado.org.co\\\/web2\\\/#\\\/schema\\\/person\\\/8f7ec5e1b44571608031e15604293106\"},\"headline\":\"Transparencia\",\"datePublished\":\"2019-11-18T03:13:15+00:00\",\"dateModified\":\"2024-07-22T21:09:57+00:00\",\"mainEntityOfPage\":{\"@id\":\"https:\\\/\\\/www.camado.org.co\\\/web2\\\/2019\\\/11\\\/18\\\/transparencia\\\/\"},\"wordCount\":254,\"commentCount\":0,\"inLanguage\":\"es\",\"potentialAction\":[{\"@type\":\"CommentAction\",\"name\":\"Comment\",\"target\":[\"https:\\\/\\\/www.camado.org.co\\\/web2\\\/2019\\\/11\\\/18\\\/transparencia\\\/#respond\"]}]},{\"@type\":\"WebPage\",\"@id\":\"https:\\\/\\\/www.camado.org.co\\\/web2\\\/2019\\\/11\\\/18\\\/transparencia\\\/\",\"url\":\"https:\\\/\\\/www.camado.org.co\\\/web2\\\/2019\\\/11\\\/18\\\/transparencia\\\/\",\"name\":\"Transparencia - C\u00e1mara de Comercio de Dosquebradas\",\"isPartOf\":{\"@id\":\"https:\\\/\\\/www.camado.org.co\\\/web2\\\/#website\"},\"datePublished\":\"2019-11-18T03:13:15+00:00\",\"dateModified\":\"2024-07-22T21:09:57+00:00\",\"author\":{\"@id\":\"https:\\\/\\\/www.camado.org.co\\\/web2\\\/#\\\/schema\\\/person\\\/8f7ec5e1b44571608031e15604293106\"},\"breadcrumb\":{\"@id\":\"https:\\\/\\\/www.camado.org.co\\\/web2\\\/2019\\\/11\\\/18\\\/transparencia\\\/#breadcrumb\"},\"inLanguage\":\"es\",\"potentialAction\":[{\"@type\":\"ReadAction\",\"target\":[\"https:\\\/\\\/www.camado.org.co\\\/web2\\\/2019\\\/11\\\/18\\\/transparencia\\\/\"]}]},{\"@type\":\"BreadcrumbList\",\"@id\":\"https:\\\/\\\/www.camado.org.co\\\/web2\\\/2019\\\/11\\\/18\\\/transparencia\\\/#breadcrumb\",\"itemListElement\":[{\"@type\":\"ListItem\",\"position\":1,\"name\":\"Portada\",\"item\":\"https:\\\/\\\/www.camado.org.co\\\/web2\\\/\"},{\"@type\":\"ListItem\",\"position\":2,\"name\":\"Transparencia\"}]},{\"@type\":\"WebSite\",\"@id\":\"https:\\\/\\\/www.camado.org.co\\\/web2\\\/#website\",\"url\":\"https:\\\/\\\/www.camado.org.co\\\/web2\\\/\",\"name\":\"C\u00e1mara de Comercio de Dosquebradas\",\"description\":\"Camado\",\"potentialAction\":[{\"@type\":\"SearchAction\",\"target\":{\"@type\":\"EntryPoint\",\"urlTemplate\":\"https:\\\/\\\/www.camado.org.co\\\/web2\\\/?s={search_term_string}\"},\"query-input\":{\"@type\":\"PropertyValueSpecification\",\"valueRequired\":true,\"valueName\":\"search_term_string\"}}],\"inLanguage\":\"es\"},{\"@type\":\"Person\",\"@id\":\"https:\\\/\\\/www.camado.org.co\\\/web2\\\/#\\\/schema\\\/person\\\/8f7ec5e1b44571608031e15604293106\",\"name\":\"adminsis\",\"image\":{\"@type\":\"ImageObject\",\"inLanguage\":\"es\",\"@id\":\"https:\\\/\\\/secure.gravatar.com\\\/avatar\\\/4873c412006fad3f5eb790d0a3719d2244ff43955ce8d70c20c8b41fb16be791?s=96&d=mm&r=g\",\"url\":\"https:\\\/\\\/secure.gravatar.com\\\/avatar\\\/4873c412006fad3f5eb790d0a3719d2244ff43955ce8d70c20c8b41fb16be791?s=96&d=mm&r=g\",\"contentUrl\":\"https:\\\/\\\/secure.gravatar.com\\\/avatar\\\/4873c412006fad3f5eb790d0a3719d2244ff43955ce8d70c20c8b41fb16be791?s=96&d=mm&r=g\",\"caption\":\"adminsis\"},\"url\":\"https:\\\/\\\/www.camado.org.co\\\/web2\\\/author\\\/adminsis\\\/\"}]}<\/script>\n<!-- \/ Yoast SEO plugin. -->","yoast_head_json":{"title":"Transparencia - C\u00e1mara de Comercio de Dosquebradas","robots":{"index":"index","follow":"follow","max-snippet":"max-snippet:-1","max-image-preview":"max-image-preview:large","max-video-preview":"max-video-preview:-1"},"canonical":"https:\/\/www.camado.org.co\/web2\/2019\/11\/18\/transparencia\/","og_locale":"es_ES","og_type":"article","og_title":"Transparencia - C\u00e1mara de Comercio de Dosquebradas","og_description":"Estructura Organica Misi\u00f3n y Visi\u00f3n >> Pol\u00edtica de calidad >> Sedes, \u00e1reas y horarios de atenci\u00f3n >> Funciones y deberes >> Organigrama >> Directorio de empleados >> Directorio de Contratistas >> Escala salarial >> Instrumentos para la Gesti\u00f3n de la Transparencia Tabla de Retenci\u00f3n Documental &gt;&gt; Resoluci\u00f3n de Costos &gt;&gt; Registro de Activo de Informaci\u00f3n [&hellip;]","og_url":"https:\/\/www.camado.org.co\/web2\/2019\/11\/18\/transparencia\/","og_site_name":"C\u00e1mara de Comercio de Dosquebradas","article_published_time":"2019-11-18T03:13:15+00:00","article_modified_time":"2024-07-22T21:09:57+00:00","author":"adminsis","twitter_card":"summary_large_image","twitter_misc":{"Escrito por":"adminsis","Tiempo de lectura":"1 minuto"},"schema":{"@context":"https:\/\/schema.org","@graph":[{"@type":"Article","@id":"https:\/\/www.camado.org.co\/web2\/2019\/11\/18\/transparencia\/#article","isPartOf":{"@id":"https:\/\/www.camado.org.co\/web2\/2019\/11\/18\/transparencia\/"},"author":{"name":"adminsis","@id":"https:\/\/www.camado.org.co\/web2\/#\/schema\/person\/8f7ec5e1b44571608031e15604293106"},"headline":"Transparencia","datePublished":"2019-11-18T03:13:15+00:00","dateModified":"2024-07-22T21:09:57+00:00","mainEntityOfPage":{"@id":"https:\/\/www.camado.org.co\/web2\/2019\/11\/18\/transparencia\/"},"wordCount":254,"commentCount":0,"inLanguage":"es","potentialAction":[{"@type":"CommentAction","name":"Comment","target":["https:\/\/www.camado.org.co\/web2\/2019\/11\/18\/transparencia\/#respond"]}]},{"@type":"WebPage","@id":"https:\/\/www.camado.org.co\/web2\/2019\/11\/18\/transparencia\/","url":"https:\/\/www.camado.org.co\/web2\/2019\/11\/18\/transparencia\/","name":"Transparencia - C\u00e1mara de Comercio de Dosquebradas","isPartOf":{"@id":"https:\/\/www.camado.org.co\/web2\/#website"},"datePublished":"2019-11-18T03:13:15+00:00","dateModified":"2024-07-22T21:09:57+00:00","author":{"@id":"https:\/\/www.camado.org.co\/web2\/#\/schema\/person\/8f7ec5e1b44571608031e15604293106"},"breadcrumb":{"@id":"https:\/\/www.camado.org.co\/web2\/2019\/11\/18\/transparencia\/#breadcrumb"},"inLanguage":"es","potentialAction":[{"@type":"ReadAction","target":["https:\/\/www.camado.org.co\/web2\/2019\/11\/18\/transparencia\/"]}]},{"@type":"BreadcrumbList","@id":"https:\/\/www.camado.org.co\/web2\/2019\/11\/18\/transparencia\/#breadcrumb","itemListElement":[{"@type":"ListItem","position":1,"name":"Portada","item":"https:\/\/www.camado.org.co\/web2\/"},{"@type":"ListItem","position":2,"name":"Transparencia"}]},{"@type":"WebSite","@id":"https:\/\/www.camado.org.co\/web2\/#website","url":"https:\/\/www.camado.org.co\/web2\/","name":"C\u00e1mara de Comercio de Dosquebradas","description":"Camado","potentialAction":[{"@type":"SearchAction","target":{"@type":"EntryPoint","urlTemplate":"https:\/\/www.camado.org.co\/web2\/?s={search_term_string}"},"query-input":{"@type":"PropertyValueSpecification","valueRequired":true,"valueName":"search_term_string"}}],"inLanguage":"es"},{"@type":"Person","@id":"https:\/\/www.camado.org.co\/web2\/#\/schema\/person\/8f7ec5e1b44571608031e15604293106","name":"adminsis","image":{"@type":"ImageObject","inLanguage":"es","@id":"https:\/\/secure.gravatar.com\/avatar\/4873c412006fad3f5eb790d0a3719d2244ff43955ce8d70c20c8b41fb16be791?s=96&d=mm&r=g","url":"https:\/\/secure.gravatar.com\/avatar\/4873c412006fad3f5eb790d0a3719d2244ff43955ce8d70c20c8b41fb16be791?s=96&d=mm&r=g","contentUrl":"https:\/\/secure.gravatar.com\/avatar\/4873c412006fad3f5eb790d0a3719d2244ff43955ce8d70c20c8b41fb16be791?s=96&d=mm&r=g","caption":"adminsis"},"url":"https:\/\/www.camado.org.co\/web2\/author\/adminsis\/"}]}},"_links":{"self":[{"href":"https:\/\/www.camado.org.co\/web2\/wp-json\/wp\/v2\/posts\/315","targetHints":{"allow":["GET"]}}],"collection":[{"href":"https:\/\/www.camado.org.co\/web2\/wp-json\/wp\/v2\/posts"}],"about":[{"href":"https:\/\/www.camado.org.co\/web2\/wp-json\/wp\/v2\/types\/post"}],"author":[{"embeddable":true,"href":"https:\/\/www.camado.org.co\/web2\/wp-json\/wp\/v2\/users\/1"}],"replies":[{"embeddable":true,"href":"https:\/\/www.camado.org.co\/web2\/wp-json\/wp\/v2\/comments?post=315"}],"version-history":[{"count":30,"href":"https:\/\/www.camado.org.co\/web2\/wp-json\/wp\/v2\/posts\/315\/revisions"}],"predecessor-version":[{"id":7046,"href":"https:\/\/www.camado.org.co\/web2\/wp-json\/wp\/v2\/posts\/315\/revisions\/7046"}],"wp:attachment":[{"href":"https:\/\/www.camado.org.co\/web2\/wp-json\/wp\/v2\/media?parent=315"}],"wp:term":[{"taxonomy":"category","embeddable":true,"href":"https:\/\/www.camado.org.co\/web2\/wp-json\/wp\/v2\/categories?post=315"},{"taxonomy":"post_tag","embeddable":true,"href":"https:\/\/www.camado.org.co\/web2\/wp-json\/wp\/v2\/tags?post=315"}],"curies":[{"name":"wp","href":"https:\/\/api.w.org\/{rel}","templated":true}]}}